{"id":10178,"date":"2020-03-11T12:24:09","date_gmt":"2020-03-11T12:24:09","guid":{"rendered":"https:\/\/www.radiopresidenteibanez.cl\/web\/?p=10178"},"modified":"2020-03-11T12:24:13","modified_gmt":"2020-03-11T12:24:13","slug":"intendente-reconocio-a-ocho-mujeres-destacadas-en-el-marco-de-la-conmemoracion-por-el-dia-internacional-de-la-mujer","status":"publish","type":"post","link":"https:\/\/www.radiopresidenteibanez.cl\/web\/intendente-reconocio-a-ocho-mujeres-destacadas-en-el-marco-de-la-conmemoracion-por-el-dia-internacional-de-la-mujer\/","title":{"rendered":"INTENDENTE RECONOCI\u00d3 A OCHO MUJERES DESTACADAS EN EL MARCO DE LA CONMEMORACI\u00d3N POR EL D\u00cdA INTERNACIONAL DE LA MUJER"},"content":{"rendered":"\n<p>Con un lleno\ntotal, se llev\u00f3 a cabo esta ma\u00f1ana en el sal\u00f3n de eventos Cordenap, la\nceremonia de premiaci\u00f3n de ocho mujeres destacadas de la Regi\u00f3n de Magallanes y\nde la Ant\u00e1rtica Chilena, quienes fueron postuladas por sus c\u00edrculos cercanos,\nseres queridos y miembros de la comunidad al acentuar conductas de liderazgo y\nde compromiso con promover la equidad de g\u00e9nero en diversas actividades.<\/p>\n\n\n\n<p>La instancia\nfue presidida por el Intendente Regional Jos\u00e9 Fern\u00e1ndez D\u00fcbrock, quien\nacompa\u00f1ado por las Seremi de Gobierno y de la Mujer (s), Alejandra Mu\u00f1oz; la\ndirectora local del Sernameg, Fabiola Garc\u00eda, y m\u00faltiples integrantes del\ngabinete regional, expres\u00f3 su m\u00e1s profundo reconocimiento a quienes fueron\ncondecoradas por su entrega, dedicaci\u00f3n y su gran labor que desempe\u00f1an d\u00eda a\nd\u00eda en sus diversos \u00e1mbitos. <\/p>\n\n\n\n<p>En su\ndiscurso, la m\u00e1xima autoridad de la regi\u00f3n m\u00e1s austral comenz\u00f3 citando una\nprosa de la poetisa y premio Nobel de Literatura, Gabriela Mistral, que alud\u00eda\nal empoderamiento progresivo que las mujeres han ido demostrando, al irse\nvaliendo por s\u00ed mismas, sin tener que depender de una figura masculina para\nsurgir y triunfar por s\u00ed mismas.<\/p>\n\n\n\n<p>\u201cHoy, el\nn\u00famero de mujeres que son profesionales y dependen de s\u00ed mismas se ha\nincrementado considerablemente, m\u00e1s a\u00fan cuando algunas cargan con la gran\nresponsabilidad de ser madres solteras. Hemos sido testigos de un cambio\ncultural enorme, que cada d\u00eda se fortalece m\u00e1s. Nos han demostrado que pueden\nllegar a ser grandes l\u00edderes mundiales, directoras de cine, administrar bancos,\nviajar al espacio o tambi\u00e9n, vivir de sus propios emprendimientos en una regi\u00f3n\ntan austral como la nuestra\u201d, recalc\u00f3. <\/p>\n\n\n\n<p>Bajo aquella\npremisa, destac\u00f3 los avances que se han logrado en las \u00faltimas semanas en\nmateria de equidad de g\u00e9nero, resaltando la aprobaci\u00f3n por parte del Parlamento\nde la paridad de g\u00e9nero para el pr\u00f3ximo proceso constituyente de abril, como tambi\u00e9n\nla promulgaci\u00f3n de la Ley Gabriela por parte del Presidente Sebasti\u00e1n Pi\u00f1era,\nque ampl\u00eda el marco legal para que se considere como autor de femicidio a\nquien, con motivo de odio, menosprecio o abuso por causa de g\u00e9nero, mate a una\nmujer, y no s\u00f3lo cuando es su c\u00f3nyuge o conviviente.<\/p>\n\n\n\n<p>\u201cSabemos y\nestamos conscientes de que a\u00fan existen muchas injusticias en materia de g\u00e9nero,\nen asuntos de \u00edndole laboral, en la salud o por el simple hecho de tener hijos,\npero es un escenario que queremos cambiar, y cr\u00e9anme que como Gobierno estamos\ntrabajando d\u00eda a d\u00eda para lograr el reconocimiento de igual dignidad y de\nderechos, y as\u00ed edificar una sociedad m\u00e1s justa para todas y todos\u201d, acot\u00f3.<\/p>\n\n\n\n<p>Tras las\npalabras del Intendente, se dio inicio al momento m\u00e1s emotivo de la jornada, en\nque fueron galardonadas Karina Fa\u00fandez Ojeda, \u00c9rika Mutschke Orellana, Yessica\nSaldivia Magdalena, Rosa Miranda Tobar, Cristina Paredes Silva, Teresa\nCaipill\u00e1n Z\u00fa\u00f1iga, Daniela Villegas Aros y Sylvia Bustamante Osorio.<\/p>\n\n\n\n<p><strong>Testimonios<\/strong><\/p>\n\n\n\n<p>\u201cEstoy muy\nagradecida por este reconocimiento, estuvo todo muy lindo. Una ac\u00e1 est\u00e1\nrepresentando a una de las tantas mujeres que estuvieron atr\u00e1s de nosotras y\nahora est\u00e1n luchando por estas generaciones que sin duda van a marcar una\ndiferencia. Fue una ceremonia mucho m\u00e1s emotiva\u201d, expres\u00f3 Daniela Villegas,\neducadora de lenguas y cultura ind\u00edgena.<\/p>\n\n\n\n<p>Por su\nparte, \u00c9rika Mutshke, bi\u00f3loga marina del Instituto de la Patagonia, manifest\u00f3\nestar \u201ctremendamente feliz y orgullosa. Acepto este reconocimiento muy\nhumildemente no solo en nombre m\u00edo, sino en nombre de muchas mujeres que\ntratamos de hacer ciencia en este mundo tan complejo\u201d.<\/p>\n\n\n\n<p><strong>Agenda Mujer<\/strong><\/p>\n\n\n\n<p>En el mismo\ntenor, el Intendente Fern\u00e1ndez detall\u00f3 los cuatro ejes que el Gobierno est\u00e1\nimpulsando como parte de la Agenda Mujer, en torno a la igualdad de derechos,\ndeberes y obligaciones para mujeres y hombres; la tolerancia cero a la\nviolencia contra la mujer; el fortalecer y avanzar en la autonom\u00eda econ\u00f3mica de\nlas mujeres; y el potenciar los liderazgos femeninos y mujeres en espacio de\ntoma de decisiones.<\/p>\n\n\n\n<p>\u201cCon estos\ncuatro s\u00f3lidos pilares pretendemos avanzar con la Ley de Lactancia Materna, con\nuna reforma que ponga fin a las desigualdades y discriminaciones en las\nIsapres, impulsar la Agenda ProPyme Mujer, implementar el Registro P\u00fablico de\nMujeres para Directorios, entre tantas otras iniciativas que nos lleven a\ninstaurar la tan anhelada equidad entre ambos g\u00e9neros\u201d, complement\u00f3.<\/p>\n","protected":false},"excerpt":{"rendered":"<p>Con un lleno total, se llev\u00f3 a cabo esta ma\u00f1ana en el sal\u00f3n de eventos Cordenap, la ceremonia de premiaci\u00f3n de ocho mujeres destacadas de la Regi\u00f3n de Magallanes y&#8230; <a class=\"read-more\" href=\"https:\/\/www.radiopresidenteibanez.cl\/web\/intendente-reconocio-a-ocho-mujeres-destacadas-en-el-marco-de-la-conmemoracion-por-el-dia-internacional-de-la-mujer\/\">Leer m\u00e1s<\/a><\/p>\n","protected":false},"author":2,"featured_media":10179,"comment_status":"closed","ping_status":"closed","sticky":false,"template":"","format":"standard","meta":{"footnotes":""},"categories":[1],"tags":[],"class_list":["post-10178","post","type-post","status-publish","format-standard","has-post-thumbnail","hentry","category-cronica"],"_links":{"self":[{"href":"https:\/\/www.radiopresidenteibanez.cl\/web\/wp-json\/wp\/v2\/posts\/10178","targetHints":{"allow":["GET"]}}],"collection":[{"href":"https:\/\/www.radiopresidenteibanez.cl\/web\/wp-json\/wp\/v2\/posts"}],"about":[{"href":"https:\/\/www.radiopresidenteibanez.cl\/web\/wp-json\/wp\/v2\/types\/post"}],"author":[{"embeddable":true,"href":"https:\/\/www.radiopresidenteibanez.cl\/web\/wp-json\/wp\/v2\/users\/2"}],"replies":[{"embeddable":true,"href":"https:\/\/www.radiopresidenteibanez.cl\/web\/wp-json\/wp\/v2\/comments?post=10178"}],"version-history":[{"count":0,"href":"https:\/\/www.radiopresidenteibanez.cl\/web\/wp-json\/wp\/v2\/posts\/10178\/revisions"}],"wp:featuredmedia":[{"embeddable":true,"href":"https:\/\/www.radiopresidenteibanez.cl\/web\/wp-json\/wp\/v2\/media\/10179"}],"wp:attachment":[{"href":"https:\/\/www.radiopresidenteibanez.cl\/web\/wp-json\/wp\/v2\/media?parent=10178"}],"wp:term":[{"taxonomy":"category","embeddable":true,"href":"https:\/\/www.radiopresidenteibanez.cl\/web\/wp-json\/wp\/v2\/categories?post=10178"},{"taxonomy":"post_tag","embeddable":true,"href":"https:\/\/www.radiopresidenteibanez.cl\/web\/wp-json\/wp\/v2\/tags?post=10178"}],"curies":[{"name":"wp","href":"https:\/\/api.w.org\/{rel}","templated":true}]}}