{"id":10171,"date":"2020-03-10T18:04:46","date_gmt":"2020-03-10T18:04:46","guid":{"rendered":"https:\/\/www.radiopresidenteibanez.cl\/web\/?p=10171"},"modified":"2020-03-10T18:04:53","modified_gmt":"2020-03-10T18:04:53","slug":"consejeros-regionales-valoran-aprobacion-de-recursos-destinados-a-la-construccion-de-viviendas-para-640-familias-en-punta-arenas-y-puerto-natales","status":"publish","type":"post","link":"https:\/\/www.radiopresidenteibanez.cl\/web\/consejeros-regionales-valoran-aprobacion-de-recursos-destinados-a-la-construccion-de-viviendas-para-640-familias-en-punta-arenas-y-puerto-natales\/","title":{"rendered":"CONSEJEROS REGIONALES VALORAN APROBACI\u00d3N DE RECURSOS DESTINADOS A LA CONSTRUCCI\u00d3N DE VIVIENDAS PARA 640 FAMILIAS EN PUNTA ARENAS Y PUERTO NATALES"},"content":{"rendered":"\n<p>Satisfacci\u00f3n\nde ir por el camino correcto fue lo que expresaron este lunes los integrantes\ndel CORE tras aprobar 13 mil millones de pesos provenientes de las arcas\nregionales de Magallanes, recursos que ser\u00e1n destinados a la construcci\u00f3n de\nviviendas para 640 familias en Punta Arenas y Puerto Natales. <\/p>\n\n\n\n<p>Los 8\nnuevos conjuntos habitacionales son parte del Convenio de Programaci\u00f3n entre el\nGobierno Regional y el ministerio de Vivienda y corresponden a \u201cMonte Fenton\u201d, \u201cMonte\nSarmiento\u201d y \u201cMonte Aymond\u201d, \u201cLoteo General del Canto\u201d, &nbsp;\u201cLoteo Rio de los Ciervos\u201d y \u201cLoteo Hornillas\u201d\nque representan 515 soluciones habitacionales para familias en Punta Arenas y tambi\u00e9n\nlos loteos \u201cCentenario\u201d y \u201cSan Pedro\u201d con159 viviendas para Puerto Natales. La\ninversi\u00f3n total alcanza los 40 mil millones de pesos. <\/p>\n\n\n\n<p>Los\nconsejeros valoraron ampliamente la llegada de estos proyectos hasta la mesa del\nCORE ya que hace tiempo vienen solicitando a las distintas autoridades, organismos\np\u00fablicos y unidades t\u00e9cnicas, &nbsp;priorizar\niniciativas que den respuestas y atiendan las demandas que hoy exige la ciudadan\u00eda,\nentre ellas vivienda, salud y educaci\u00f3n. <\/p>\n\n\n\n<p>En la\noportunidad el presidente del CORE, Alejandro Kusanovic, se\u00f1al\u00f3 que \u201ces un tema\nmuy importante principalmente porque la clase media que aument\u00f3 del orden del\n60% no tiene acceso a la vivienda\u2026las familias no pueden pedir un pr\u00e9stamo en\nel banco, las casas y arriendos est\u00e1n muy caros por tanto construir viviendas es\nesencial para solucionar este problema. El a\u00f1o 2004 no hab\u00eda d\u00e9ficit de\nviviendas en la regi\u00f3n y por diversos cambios, volvemos a tener un d\u00e9ficit de aproximadamente\n4.500 casas lo cual indica que debemos buscar una soluci\u00f3n a mayor escala\u201d.<\/p>\n\n\n\n<p>Por su\nparte el presidente de la comisi\u00f3n Infraestructura, Miguel Sierpe, expres\u00f3 que\nse debe trabajar en modificar los sistemas de postulaci\u00f3n a la vivienda \u201cpara\nello es fundamental que el Servicio de Vivienda y Urbanismo (Serviu) retome su\ncondici\u00f3n de organismo protagonista de este proceso a fin de dar mayor tranquilidad\na los postulantes\u201d, dijo. <\/p>\n\n\n\n<p>\u201cHoy estamos\nentregando una soluci\u00f3n habitacional a 640 familias en Magallanes y el Gobierno\nRegional participa con una inversi\u00f3n aproximada de 32%, a ello debemos sumar los\nrecursos destinados a compra de terrenos. Como Consejo y por medio de nuestra participaci\u00f3n\nen el Convenio con el ministerio queremos trabajar en generar un procedimiento\nregional que de repuesta y soluci\u00f3n a lo que hoy demanda la ciudadan\u00eda\u201d, agreg\u00f3\nel consejero Sierpe. <\/p>\n\n\n\n<p>Asimismo\nla consejera de la provincia, \u00daltima Esperanza y presidenta de la comisi\u00f3n Presupuesto,\nYammy Warner, manifest\u00f3 \u201ccomparto la gran alegr\u00eda de las familias que en Puerto\nNatales hoy ven que el sue\u00f1o de la casa propia se hace realidad. Aqu\u00ed hay un trabajo\nmuy grande efectuado por los catorce consejeros y pese a nuestras diferencias pol\u00edticas\no en algunas tem\u00e1ticas, llegamos a un punto en com\u00fan y es que todos queremos\nque las familias cumplan este sue\u00f1o tan anhelado\u201d, asegur\u00f3. <\/p>\n\n\n\n<p>Finalmente\nel consejo regional por Magallanes, Emilio Boccazzi, afirm\u00f3 \u201cme voy con alegr\u00eda\ntras ver el rostro de las personas que estaban presentes y fueron beneficiadas\npara poder obtener su vivienda. Son en promedio m\u00e1s de 20 millones de pesos y\nen algunos casos 25 por vivienda, los recursos que el Gobierno Regional a\ntrav\u00e9s del CORE hoy destina a estos proyectos. A muchos de nosotros nos\ngustar\u00eda que SERVIU retome su funci\u00f3n como servicio del Estado &nbsp;y no solo maneje la demanda sino que tambi\u00e9n construya\nviviendas, lo cual significar\u00eda mayor transparencia en la inversi\u00f3n, se abaratar\u00edan\nlos costos y ello significar\u00eda construir m\u00e1s y mejores viviendas\u201d.<\/p>\n\n\n\n<p>Los\nconsejeros valoraron la gran labor de los dirigentes de las agrupaciones, la misi\u00f3n\nde Serviu Magallanes y los municipios de Punta Arenas y Puerto Natales que\nfueron las entidades patrocinantes que guiaron a los vecinos en este proceso. &nbsp;<\/p>\n","protected":false},"excerpt":{"rendered":"<p>Satisfacci\u00f3n de ir por el camino correcto fue lo que expresaron este lunes los integrantes del CORE tras aprobar 13 mil millones de pesos provenientes de las arcas regionales de&#8230; <a class=\"read-more\" href=\"https:\/\/www.radiopresidenteibanez.cl\/web\/consejeros-regionales-valoran-aprobacion-de-recursos-destinados-a-la-construccion-de-viviendas-para-640-familias-en-punta-arenas-y-puerto-natales\/\">Leer m\u00e1s<\/a><\/p>\n","protected":false},"author":2,"featured_media":10172,"comment_status":"closed","ping_status":"closed","sticky":false,"template":"","format":"standard","meta":{"footnotes":""},"categories":[1],"tags":[],"class_list":["post-10171","post","type-post","status-publish","format-standard","has-post-thumbnail","hentry","category-cronica"],"_links":{"self":[{"href":"https:\/\/www.radiopresidenteibanez.cl\/web\/wp-json\/wp\/v2\/posts\/10171","targetHints":{"allow":["GET"]}}],"collection":[{"href":"https:\/\/www.radiopresidenteibanez.cl\/web\/wp-json\/wp\/v2\/posts"}],"about":[{"href":"https:\/\/www.radiopresidenteibanez.cl\/web\/wp-json\/wp\/v2\/types\/post"}],"author":[{"embeddable":true,"href":"https:\/\/www.radiopresidenteibanez.cl\/web\/wp-json\/wp\/v2\/users\/2"}],"replies":[{"embeddable":true,"href":"https:\/\/www.radiopresidenteibanez.cl\/web\/wp-json\/wp\/v2\/comments?post=10171"}],"version-history":[{"count":0,"href":"https:\/\/www.radiopresidenteibanez.cl\/web\/wp-json\/wp\/v2\/posts\/10171\/revisions"}],"wp:featuredmedia":[{"embeddable":true,"href":"https:\/\/www.radiopresidenteibanez.cl\/web\/wp-json\/wp\/v2\/media\/10172"}],"wp:attachment":[{"href":"https:\/\/www.radiopresidenteibanez.cl\/web\/wp-json\/wp\/v2\/media?parent=10171"}],"wp:term":[{"taxonomy":"category","embeddable":true,"href":"https:\/\/www.radiopresidenteibanez.cl\/web\/wp-json\/wp\/v2\/categories?post=10171"},{"taxonomy":"post_tag","embeddable":true,"href":"https:\/\/www.radiopresidenteibanez.cl\/web\/wp-json\/wp\/v2\/tags?post=10171"}],"curies":[{"name":"wp","href":"https:\/\/api.w.org\/{rel}","templated":true}]}}