{"id":10167,"date":"2020-03-10T14:42:17","date_gmt":"2020-03-10T14:42:17","guid":{"rendered":"https:\/\/www.radiopresidenteibanez.cl\/web\/?p=10167"},"modified":"2020-03-10T14:42:21","modified_gmt":"2020-03-10T14:42:21","slug":"diputados-de-convergencia-social-ofician-a-ministro-blumel-y-carabineros-por-actuar-policial-en-manifestaciones-y-muerte-de-cristian-valdebenito","status":"publish","type":"post","link":"https:\/\/www.radiopresidenteibanez.cl\/web\/diputados-de-convergencia-social-ofician-a-ministro-blumel-y-carabineros-por-actuar-policial-en-manifestaciones-y-muerte-de-cristian-valdebenito\/","title":{"rendered":"DIPUTADOS DE CONVERGENCIA SOCIAL OFICIAN A MINISTRO BLUMEL Y CARABINEROS POR ACTUAR POLICIAL EN MANIFESTACIONES Y MUERTE DE CRISTI\u00c1N VALDEBENITO"},"content":{"rendered":"\n<p>\n\nLa bancada de diputados de Convergencia Social present\u00f3 ayer dos oficios al ministro del Interior, Gonzalo Blumel, y al Director General de Carabineros, Mario Rozas, sobre el actuar de Carabineros en las manifestaciones en Plaza de la Dignidad el pasado 6 de marzo, producto de la cual falleci\u00f3 Cristi\u00e1n Valdebenito, y en las marchas por el rechazo en Las Condes y Providencia el 15 de febrero y el 7 de marzo.&nbsp;<\/p>\n\n\n\n<p>\u201cComo bancada de Convergencia Social estamos presentando oficios para que el ministro Blumel y Carabineros nos respondan sobre dos hechos sumamente graves: el homicidio de Cristi\u00e1n Valdebenito en Plaza Dignidad, quien el pasado viernes recibi\u00f3 una lacrim\u00f3gena en su cabeza que acab\u00f3 con su vida, y los hechos de violencia ocurridos en la marcha por el rechazo\u201d, plante\u00f3 esta ma\u00f1ana la diputada y presidenta de Convergencia Social, Gael Yeomans.<\/p>\n\n\n\n<p>&nbsp;Por su parte, el diputado por Magallanes, Gabriel Boric, hizo hincapi\u00e9 en la necesidad de reformar la instituci\u00f3n: \u201cNos parece absolutamente inaceptable, y por eso hemos enviado estos dos oficios, para que se expliquen estas dos situaciones en uso de nuestra facultad de fiscalizaci\u00f3n, pero no solamente a Carabineros, tambi\u00e9n al Ministro del Interior, Gonzalo Blumel, porque \u00e9l es el responsable pol\u00edtico de lo que est\u00e1 sucediendo con Carabineros. Venimos a exigir una vez m\u00e1s, tal como lo hici\u00e9ramos desde el Frente Amplio a fines de enero, una profunda reforma a la instituci\u00f3n. Hay propuestas sobre la mesa, como Frente Amplio hicimos una, instituciones de la sociedad civil hicieron otra, no se puede seguir esperando a reformar Carabineros mientras se sigan produciendo este tipo de hechos, as\u00ed que por favor que se tomen cartas en el asunto, que se intervenga Carabineros ya, no queremos m\u00e1s mutilados ni m\u00e1s asesinados por el actuar&nbsp;de la fuerza policial\u201d.<\/p>\n\n\n\n<p>Los parlamentarios solicitan que Carabineros ponga a disposici\u00f3n del Ministerio P\u00fablico todos los antecedentes. \u00abNecesitamos que indique qui\u00e9nes fueron los encargados del procedimiento, qui\u00e9nes fueron los efectivos policiales que dispararon, que ponga a disposici\u00f3n las pruebas audiovisuales, que instruya los sumarios e informe las medidas que se adoptaron dicho d\u00eda para cumplir los protocolos como se\u00f1alan las recomendaciones de la Organizaci\u00f3n Interamericana de Derechos Humanos\u00bb, se\u00f1al\u00f3 el diputado Diego Ib\u00e1\u00f1ez.&nbsp;<\/p>\n\n\n\n<p>Respecto de las marchas por el rechazo, ocurridas el 15 de febrero y el 7 de marzo en las comunas de Providencia y Las Condes, en las que dos periodistas de The Clinic fueron agredidos por un grupo de manifestantes mientras reporteaban en terreno y donde el periodista Rafael Cavada fue agredido brutalmente, los diputados exigieron conocer qu\u00e9 acciones desde febrero a la fecha ha tomado el Ministerio del Interior y Seguridad P\u00fablica junto con Carabineros para perseguir y sancionar a estos agresores, y qu\u00e9 instrucciones se han impartido en los despliegues de seguridad de la manifestaci\u00f3n para abordar a estos grupos violentos.<\/p>\n\n\n\n<p>Para el diputado Gonzalo Winter \u201cel doble est\u00e1ndar es muy claro. Son muy pocas horas las que transcurren en que las lacrim\u00f3genas, pasando por encima de todo tipo de protocolos, incendia el puesto de salud en P\u00edo Nono y asesina a una persona, esto es un homicidio. Hasta cu\u00e1ndo. S\u00f3lo seis horas despu\u00e9s una banda organizada y armada sale a agredir a transe\u00fantes a plena luz del d\u00eda a vista y paciencia de Carabineros, que ten\u00eda la obligaci\u00f3n de tomarlos detenidos. Por lo tanto, Carabineros no cumple sus obligaciones en la marcha del rechazo y no respeta los derechos humanos en las movilizaciones de los viernes\u201d.\n\n<\/p>\n","protected":false},"excerpt":{"rendered":"<p>La bancada de diputados de Convergencia Social present\u00f3 ayer dos oficios al ministro del Interior, Gonzalo Blumel, y al Director General de Carabineros, Mario Rozas, sobre el actuar de Carabineros&#8230; <a class=\"read-more\" href=\"https:\/\/www.radiopresidenteibanez.cl\/web\/diputados-de-convergencia-social-ofician-a-ministro-blumel-y-carabineros-por-actuar-policial-en-manifestaciones-y-muerte-de-cristian-valdebenito\/\">Leer m\u00e1s<\/a><\/p>\n","protected":false},"author":2,"featured_media":10168,"comment_status":"closed","ping_status":"closed","sticky":false,"template":"","format":"standard","meta":{"footnotes":""},"categories":[1],"tags":[],"class_list":["post-10167","post","type-post","status-publish","format-standard","has-post-thumbnail","hentry","category-cronica"],"_links":{"self":[{"href":"https:\/\/www.radiopresidenteibanez.cl\/web\/wp-json\/wp\/v2\/posts\/10167","targetHints":{"allow":["GET"]}}],"collection":[{"href":"https:\/\/www.radiopresidenteibanez.cl\/web\/wp-json\/wp\/v2\/posts"}],"about":[{"href":"https:\/\/www.radiopresidenteibanez.cl\/web\/wp-json\/wp\/v2\/types\/post"}],"author":[{"embeddable":true,"href":"https:\/\/www.radiopresidenteibanez.cl\/web\/wp-json\/wp\/v2\/users\/2"}],"replies":[{"embeddable":true,"href":"https:\/\/www.radiopresidenteibanez.cl\/web\/wp-json\/wp\/v2\/comments?post=10167"}],"version-history":[{"count":0,"href":"https:\/\/www.radiopresidenteibanez.cl\/web\/wp-json\/wp\/v2\/posts\/10167\/revisions"}],"wp:featuredmedia":[{"embeddable":true,"href":"https:\/\/www.radiopresidenteibanez.cl\/web\/wp-json\/wp\/v2\/media\/10168"}],"wp:attachment":[{"href":"https:\/\/www.radiopresidenteibanez.cl\/web\/wp-json\/wp\/v2\/media?parent=10167"}],"wp:term":[{"taxonomy":"category","embeddable":true,"href":"https:\/\/www.radiopresidenteibanez.cl\/web\/wp-json\/wp\/v2\/categories?post=10167"},{"taxonomy":"post_tag","embeddable":true,"href":"https:\/\/www.radiopresidenteibanez.cl\/web\/wp-json\/wp\/v2\/tags?post=10167"}],"curies":[{"name":"wp","href":"https:\/\/api.w.org\/{rel}","templated":true}]}}