{"id":10164,"date":"2020-03-10T01:38:50","date_gmt":"2020-03-10T01:38:50","guid":{"rendered":"https:\/\/www.radiopresidenteibanez.cl\/web\/?p=10164"},"modified":"2020-03-10T01:38:54","modified_gmt":"2020-03-10T01:38:54","slug":"tabsa-anuncia-suspension-de-cruce-punta-arenas-porvenir-por-motivos-de-fuerza-mayor-para-este-martes","status":"publish","type":"post","link":"https:\/\/www.radiopresidenteibanez.cl\/web\/tabsa-anuncia-suspension-de-cruce-punta-arenas-porvenir-por-motivos-de-fuerza-mayor-para-este-martes\/","title":{"rendered":"TABSA ANUNCIA SUSPENSI\u00d3N DE CRUCE PUNTA ARENAS \u2013 PORVENIR POR MOTIVOS DE FUERZA MAYOR PARA ESTE MARTES"},"content":{"rendered":"\n<p>La Transbordadora Austral Broom Sociedad An\u00f3nima\n(TABSA) inform\u00f3 que, por motivos de fuerza mayor, el Ferry Pathagon que realiza\nlos viajes entre Punta Arenas y Porvenir no realizar\u00e1 el cruce este d\u00eda martes\n10 de marzo programado para las 09:00 horas por motivos de fuerza mayor, por lo\nque solicita a sus clientes estar atento a la reprogramaci\u00f3n del viaje.<\/p>\n\n\n\n<p>Desde la empresa se\u00f1alaron que el servicio ser\u00e1 normalizado durante la\ntarde de este martes as\u00ed tambi\u00e9n a informarse del estado de los cruces a trav\u00e9s\nde <a href=\"http:\/\/www.tabsa.cl\">www.tabsa.cl<\/a> o Facebook y Twiiter @tabsa.<\/p>\n","protected":false},"excerpt":{"rendered":"<p>La Transbordadora Austral Broom Sociedad An\u00f3nima (TABSA) inform\u00f3 que, por motivos de fuerza mayor, el Ferry Pathagon que realiza los viajes entre Punta Arenas y Porvenir no realizar\u00e1 el cruce&#8230; <a class=\"read-more\" href=\"https:\/\/www.radiopresidenteibanez.cl\/web\/tabsa-anuncia-suspension-de-cruce-punta-arenas-porvenir-por-motivos-de-fuerza-mayor-para-este-martes\/\">Leer m\u00e1s<\/a><\/p>\n","protected":false},"author":2,"featured_media":754,"comment_status":"closed","ping_status":"closed","sticky":false,"template":"","format":"standard","meta":{"footnotes":""},"categories":[1],"tags":[],"class_list":["post-10164","post","type-post","status-publish","format-standard","has-post-thumbnail","hentry","category-cronica"],"_links":{"self":[{"href":"https:\/\/www.radiopresidenteibanez.cl\/web\/wp-json\/wp\/v2\/posts\/10164","targetHints":{"allow":["GET"]}}],"collection":[{"href":"https:\/\/www.radiopresidenteibanez.cl\/web\/wp-json\/wp\/v2\/posts"}],"about":[{"href":"https:\/\/www.radiopresidenteibanez.cl\/web\/wp-json\/wp\/v2\/types\/post"}],"author":[{"embeddable":true,"href":"https:\/\/www.radiopresidenteibanez.cl\/web\/wp-json\/wp\/v2\/users\/2"}],"replies":[{"embeddable":true,"href":"https:\/\/www.radiopresidenteibanez.cl\/web\/wp-json\/wp\/v2\/comments?post=10164"}],"version-history":[{"count":0,"href":"https:\/\/www.radiopresidenteibanez.cl\/web\/wp-json\/wp\/v2\/posts\/10164\/revisions"}],"wp:featuredmedia":[{"embeddable":true,"href":"https:\/\/www.radiopresidenteibanez.cl\/web\/wp-json\/wp\/v2\/media\/754"}],"wp:attachment":[{"href":"https:\/\/www.radiopresidenteibanez.cl\/web\/wp-json\/wp\/v2\/media?parent=10164"}],"wp:term":[{"taxonomy":"category","embeddable":true,"href":"https:\/\/www.radiopresidenteibanez.cl\/web\/wp-json\/wp\/v2\/categories?post=10164"},{"taxonomy":"post_tag","embeddable":true,"href":"https:\/\/www.radiopresidenteibanez.cl\/web\/wp-json\/wp\/v2\/tags?post=10164"}],"curies":[{"name":"wp","href":"https:\/\/api.w.org\/{rel}","templated":true}]}}