{"id":10160,"date":"2020-03-09T19:41:11","date_gmt":"2020-03-09T19:41:11","guid":{"rendered":"https:\/\/www.radiopresidenteibanez.cl\/web\/?p=10160"},"modified":"2020-03-09T19:41:15","modified_gmt":"2020-03-09T19:41:15","slug":"mop-incorporo-nueva-unidad-de-pesaje-movil","status":"publish","type":"post","link":"https:\/\/www.radiopresidenteibanez.cl\/web\/mop-incorporo-nueva-unidad-de-pesaje-movil\/","title":{"rendered":"MOP INCORPOR\u00d3 NUEVA UNIDAD DE PESAJE M\u00d3VIL"},"content":{"rendered":"\n<p>Se realiz\u00f3 la presentaci\u00f3n de la nueva unidad de pesaje m\u00f3vil de la\nDirecci\u00f3n de Vialidad, furg\u00f3n acondicionado que permitir\u00e1 potenciar las labores\nen el control de cargas.<\/p>\n\n\n\n<p>Hasta el\nsector de Kon Aiken se trasladaron el Intendente Jos\u00e9 Fern\u00e1ndez, Seremi de\nGobierno Alejandra Mu\u00f1oz, Seremi de Obras P\u00fablicas Pablo Rendoll y Director\nRegional de Vialidad Francisco Orozco, para conocer en terreno el\nfuncionamiento de la nueva unidad, que mantiene incorporados los equipos m\u00f3viles de\npesaje necesarios para verificar el peso de camiones y buses, de acuerdo a los\nl\u00edmites de peso m\u00e1ximo permitidos para la circulaci\u00f3n en carretera.<\/p>\n\n\n\n<p>El objetivo principal es prevenir la\ncirculaci\u00f3n de veh\u00edculos con sobrepeso, a fin de evitar el deterioro prematuro\ny da\u00f1os a los caminos. <\/p>\n\n\n\n<p>\u201cEl Estado ha estado en los \u00faltimos a\u00f1os\nhaciendo una inversi\u00f3n bastante grande en pavimentos, por lo tanto tenemos que\ncuidarlos para que duren lo que est\u00e1n estipulados, evitando que los sobrepesos\nde los veh\u00edculos los rompan\u201d, asegur\u00f3 el Intendente Fern\u00e1ndez, destacando la\nfiscalizaci\u00f3n que podr\u00e1 materializar Vialidad con esta nueva unidad.<\/p>\n\n\n\n<p>Por su parte, el Seremi Rendoll inform\u00f3 que: \u201cEl\nMinisterio de Obras P\u00fablicas, a trav\u00e9s de la Direcci\u00f3n de Vialidad, tiene por\npol\u00edtica proteger tanto la seguridad de las personas como la infraestructura, y\nen este sentido el pesaje es fundamental, toda vez que en el minuto que se\ncontrolan los camiones estamos evitando que el sobrepeso en el que algunos de\nellos puede estar incurriendo cause alg\u00fan tipo de deterioro\u201d.<\/p>\n\n\n\n<p>De\nacuerdo a las estad\u00edsticas de la Unidad M\u00f3vil de Pesaje, durante el a\u00f1o 2019 se\ncontrolaron a un total de 1.206 veh\u00edculos. De esta cifra, 56 circulaban con sobrepeso\ny 16 fueron infraccionados.<\/p>\n","protected":false},"excerpt":{"rendered":"<p>Se realiz\u00f3 la presentaci\u00f3n de la nueva unidad de pesaje m\u00f3vil de la Direcci\u00f3n de Vialidad, furg\u00f3n acondicionado que permitir\u00e1 potenciar las labores en el control de cargas. Hasta el&#8230; <a class=\"read-more\" href=\"https:\/\/www.radiopresidenteibanez.cl\/web\/mop-incorporo-nueva-unidad-de-pesaje-movil\/\">Leer m\u00e1s<\/a><\/p>\n","protected":false},"author":2,"featured_media":10161,"comment_status":"closed","ping_status":"closed","sticky":false,"template":"","format":"standard","meta":{"footnotes":""},"categories":[1],"tags":[],"class_list":["post-10160","post","type-post","status-publish","format-standard","has-post-thumbnail","hentry","category-cronica"],"_links":{"self":[{"href":"https:\/\/www.radiopresidenteibanez.cl\/web\/wp-json\/wp\/v2\/posts\/10160","targetHints":{"allow":["GET"]}}],"collection":[{"href":"https:\/\/www.radiopresidenteibanez.cl\/web\/wp-json\/wp\/v2\/posts"}],"about":[{"href":"https:\/\/www.radiopresidenteibanez.cl\/web\/wp-json\/wp\/v2\/types\/post"}],"author":[{"embeddable":true,"href":"https:\/\/www.radiopresidenteibanez.cl\/web\/wp-json\/wp\/v2\/users\/2"}],"replies":[{"embeddable":true,"href":"https:\/\/www.radiopresidenteibanez.cl\/web\/wp-json\/wp\/v2\/comments?post=10160"}],"version-history":[{"count":0,"href":"https:\/\/www.radiopresidenteibanez.cl\/web\/wp-json\/wp\/v2\/posts\/10160\/revisions"}],"wp:featuredmedia":[{"embeddable":true,"href":"https:\/\/www.radiopresidenteibanez.cl\/web\/wp-json\/wp\/v2\/media\/10161"}],"wp:attachment":[{"href":"https:\/\/www.radiopresidenteibanez.cl\/web\/wp-json\/wp\/v2\/media?parent=10160"}],"wp:term":[{"taxonomy":"category","embeddable":true,"href":"https:\/\/www.radiopresidenteibanez.cl\/web\/wp-json\/wp\/v2\/categories?post=10160"},{"taxonomy":"post_tag","embeddable":true,"href":"https:\/\/www.radiopresidenteibanez.cl\/web\/wp-json\/wp\/v2\/tags?post=10160"}],"curies":[{"name":"wp","href":"https:\/\/api.w.org\/{rel}","templated":true}]}}