{"id":10139,"date":"2020-03-09T14:48:01","date_gmt":"2020-03-09T14:48:01","guid":{"rendered":"https:\/\/www.radiopresidenteibanez.cl\/web\/?p=10139"},"modified":"2020-03-09T14:48:05","modified_gmt":"2020-03-09T14:48:05","slug":"vamos-al-plebiscito-por-ernesto-sepulveda","status":"publish","type":"post","link":"https:\/\/www.radiopresidenteibanez.cl\/web\/vamos-al-plebiscito-por-ernesto-sepulveda\/","title":{"rendered":"VAMOS AL PLEBISCITO por ERNESTO SEPULVEDA"},"content":{"rendered":"\n<p>Nos acercamos\ncon rapidez a lo que sin lugar a dudas, va a ser uno de los hitos mas\nimportante del presente siglo en Chile. El plebiscito donde resolveremos si\nqueremos una nueva constituci\u00f3n, nacida en democracia. Es, como lo hemos venido\ndiciendo semana a semana, probablemente el acto de mayor importancia en el que\nnos tocar\u00e1 participar como ciudadanos. <\/p>\n\n\n\n<p>Sin embargo,\nda la impresi\u00f3n de que algunas personas se niegan a reconocer la magnitud de\neste paso. Se puede apreciar en redes sociales, y tambi\u00e9n en algunos medios de\nprensa, quienes tienen el foco puesto por un lado en los desmanes y actos\nvand\u00e1licos. Que constituyen un residuo no deseado de las manifestaciones\nsociales, pac\u00edficas, y transversales que han ocurrido en todo Chile. Y por otro\nlado, quienes tienen el foco puesto en los excesos cometidos por una polic\u00eda\nmilitarizada, que ha cometido violaciones sistem\u00e1ticas a los derechos humanos. <\/p>\n\n\n\n<p>El estallido\nsocial de octubre de 2019, para algunos constituye una verdadera rebeli\u00f3n\npopular, una especie de asalto al poder, de las fuerzas populares no\nrepresentadas por ning\u00fan partido. Para quienes creen esto, la violencia, la\ndestrucci\u00f3n y el vandalismo, se explicar\u00eda por las condiciones de desigualdad\nexistentes. &nbsp;<\/p>\n\n\n\n<p>Parte de la\noposici\u00f3n pol\u00edtica aparece capturada por un discurso ochentero, que pretende\njustificar el uso de todos las formas de lucha, como fue en el combate a la\ndictadura. Desde luego, existe un grupo, afortunadamente reducido, que\njustifica hasta los ataques a iglesias, a cementerios y a monumentos.<\/p>\n\n\n\n<p>Esta\ndin\u00e1mica, enfrenta a los extremos. Un incipiente movimiento de corte fascista,\nincluso aparece en desfiles de la campa\u00f1a del rechazo. Sujetos premunidos de\ncascos, garrotes y manoplas. Portando banderas tan lejanas al ideal patrio,\ncomo las viejas banderas confederadas. Nos referimos a las que representaban al\nSur de Estados Unidos en su guerra civil. Hoy es s\u00edmbolo de los supremacistas\nblancos, y del racismo.<\/p>\n\n\n\n<p>Numerosas\npersonalidades pol\u00edticas, han intentado llamar a la calma, a la moderaci\u00f3n, a\nla paz. Como requisito para efectuar un plebiscito, y un eventual proceso\nconstituyente ejemplar. Al menos dos cartas se han publicitado ampliamente. Una\nde ellas suscrita por figuras, de la extinta concertaci\u00f3n de partidos por la\ndemocracia. Luego otra suscrita por figuras tambi\u00e9n de oposici\u00f3n, en que tratan\nde marcar distancia con la anterior, a la que tildan de \u201celitista\u201d.<\/p>\n\n\n\n<p>Es as\u00ed, como\nquienes han dedicado su vida a la pol\u00edtica, que hoy&nbsp; tienen su credibilidad por los suelos, han\ndesperdiciado la oportunidad, de recuperar algo de la confianza p\u00fablica. El\nmomento de la unidad, de hacer gestos concretos por el bien de todo Chile, se\ndesperdicia, en peque\u00f1as rencillas, de quien de ellos verdaderamente representa\nal pueblo.<\/p>\n\n\n\n<p>Y esa es la\ngran interrogante que debemos responder. El Servicio eletoral,&nbsp; ha informado que se encuentran habilitados\npara votar, 14 millones 753 mil personas. Es imprescindible incrementar la\nparticipaci\u00f3n electoral. Es muy posible que la impopularidad del gobierno y de\ntodo el sistema pol\u00edtico, provenga tambi\u00e9n de la baja participaci\u00f3n. Hace &nbsp;dos a\u00f1os efectuamos elecciones presidenciales\ny parlamentarias, en noviembre de 2017 en que votaron s\u00f3lo&nbsp; 6 millones de personas, menos del 50% del\nelectorado.<\/p>\n\n\n\n<p>El desinter\u00e9s\nen la democracia, el poco aprecio por las instituciones, no s\u00f3lo es por falta\nde educaci\u00f3n c\u00edvica, es por falta de formaci\u00f3n val\u00f3rica, es una falta tambi\u00e9n\nde las familias. Dejar a terceros que se encarguen de la cosa p\u00fablica, la\nprivatizaci\u00f3n de las decisiones que afectan a la sociedad toda, est\u00e1 entre\notros muchos factores, en la g\u00e9nesis del descontento social.<\/p>\n\n\n\n<p>A quien\npodemos culpar, si el reconocimiento de derechos sociales, requiere\nparticipaci\u00f3n electoral, y esta no se produce? Estamos en un escenario\nfavorable al nacimiento de liderazgos populistas, de derecha y de izquierda. El\npopulismo induce a pensar a las personas de que existen atajos para resolver\nlos problemas. Es una trampa de la que son presa f\u00e1cil los mas necesitados, los\nmas desesperados, y las personas con menor capital cultural. Osea, los m\u00e1s\npobres. <\/p>\n\n\n\n<p>Por lo\nanterior, grupos radicalizados de derecha e izquierda defienden el uso de la\nfuerza, el recurso a la violencia. Sea, como una supuesta expresi\u00f3n de\ndescontento social. Donde se justifica&nbsp;\nlos saqueos, la destrucci\u00f3n de mobiliario urbano, el ataque a iglesias y\ncementerios, culpando a la rabia por la desigualdad. O sea, como fuerza y\nviolencia ejercida sobre individuos, justificando incluso las violaciones a los\nderechos humanos, cuando esta fuerza proviene de la fuerza p\u00fablica. Y tambi\u00e9n\nrecientemente, de grupos de choque fascistas.<\/p>\n\n\n\n<p>El \u00fanico modo\nque tenemos los ciudadanos comunes y silvestres, es ejercer nuestro derecho a\nvoto. Nuestro derecho a dar nuestra opini\u00f3n. La defensa de lo que hemos\nconstruido, entre todos, como sociedad, nos corresponde tambi\u00e9n a todos. No a\nun grupo de iluminados, ni tampoco a las figuras de siempre en la\npol\u00edtica.&nbsp; Los ciudadanos podemos y\ndebemos rechazar a los grupos extremos, que pretenden sacar provecho, de la\ndestrucci\u00f3n y el caos. Aislar a esos individuos es imprescindible para que\npodamos efectuar un plebiscito masivo y pac\u00edfico. <\/p>\n\n\n\n<p>Con\ncompromiso y trabajo, podemos tener&nbsp;\njusticia social,&nbsp; paz y\ncrecimiento econ\u00f3mico, que nos lleve al desarrollo.<\/p>\n\n\n\n<p>ERNESTO\nSEP\u00daLVEDA TORNERO<\/p>\n","protected":false},"excerpt":{"rendered":"<p>Nos acercamos con rapidez a lo que sin lugar a dudas, va a ser uno de los hitos mas importante del presente siglo en Chile. El plebiscito donde resolveremos si&#8230; <a class=\"read-more\" href=\"https:\/\/www.radiopresidenteibanez.cl\/web\/vamos-al-plebiscito-por-ernesto-sepulveda\/\">Leer m\u00e1s<\/a><\/p>\n","protected":false},"author":2,"featured_media":2310,"comment_status":"closed","ping_status":"closed","sticky":false,"template":"","format":"standard","meta":{"footnotes":""},"categories":[1],"tags":[],"class_list":["post-10139","post","type-post","status-publish","format-standard","has-post-thumbnail","hentry","category-cronica"],"_links":{"self":[{"href":"https:\/\/www.radiopresidenteibanez.cl\/web\/wp-json\/wp\/v2\/posts\/10139","targetHints":{"allow":["GET"]}}],"collection":[{"href":"https:\/\/www.radiopresidenteibanez.cl\/web\/wp-json\/wp\/v2\/posts"}],"about":[{"href":"https:\/\/www.radiopresidenteibanez.cl\/web\/wp-json\/wp\/v2\/types\/post"}],"author":[{"embeddable":true,"href":"https:\/\/www.radiopresidenteibanez.cl\/web\/wp-json\/wp\/v2\/users\/2"}],"replies":[{"embeddable":true,"href":"https:\/\/www.radiopresidenteibanez.cl\/web\/wp-json\/wp\/v2\/comments?post=10139"}],"version-history":[{"count":0,"href":"https:\/\/www.radiopresidenteibanez.cl\/web\/wp-json\/wp\/v2\/posts\/10139\/revisions"}],"wp:featuredmedia":[{"embeddable":true,"href":"https:\/\/www.radiopresidenteibanez.cl\/web\/wp-json\/wp\/v2\/media\/2310"}],"wp:attachment":[{"href":"https:\/\/www.radiopresidenteibanez.cl\/web\/wp-json\/wp\/v2\/media?parent=10139"}],"wp:term":[{"taxonomy":"category","embeddable":true,"href":"https:\/\/www.radiopresidenteibanez.cl\/web\/wp-json\/wp\/v2\/categories?post=10139"},{"taxonomy":"post_tag","embeddable":true,"href":"https:\/\/www.radiopresidenteibanez.cl\/web\/wp-json\/wp\/v2\/tags?post=10139"}],"curies":[{"name":"wp","href":"https:\/\/api.w.org\/{rel}","templated":true}]}}