{"id":10136,"date":"2020-03-09T13:26:50","date_gmt":"2020-03-09T13:26:50","guid":{"rendered":"https:\/\/www.radiopresidenteibanez.cl\/web\/?p=10136"},"modified":"2020-03-09T13:26:53","modified_gmt":"2020-03-09T13:26:53","slug":"cientos-de-personas-visitaron-la-version-68-de-la-expogama-2020","status":"publish","type":"post","link":"https:\/\/www.radiopresidenteibanez.cl\/web\/cientos-de-personas-visitaron-la-version-68-de-la-expogama-2020\/","title":{"rendered":"CIENTOS DE PERSONAS VISITARON LA VERSI\u00d3N 68\u00b0 DE LA EXPOGAMA 2020"},"content":{"rendered":"\n<p>Durante le fin de semana, se\nrealiz\u00f3 la versi\u00f3n 68\u00b0 de la Exposici\u00f3n Ganadera de Magallanes (ExpoGama) 2020,\nen la ocasi\u00f3n cientos de personas disfrutaron de las distintas alternativas que\nentreg\u00f3 el expo, entre ellas, la feria magall\u00e1nica en donde los visitantes\npudieron disfrutar de las mejores frutas, verduras, y productos regionales.<\/p>\n\n\n\n<p>El d\u00eda domingo, a primera hora,\nse llev\u00f3 a cabo el tradicional lanzamiento de la actividad que cont\u00f3 con la\npresencia de distintas autoridades regionales y comunales, entre ellos, el\nIntendente Jos\u00e9 Fern\u00e1ndez, el seremi de agricultura, Alfonso Roux, los alcaldes\nde Punta Arenas y Primavera, Claudio Radonich y Blagomir Brztilo,\nrespectivamente, la ceremonia estuvo presidida por el presidente de Asogama\nChristian Concha.<\/p>\n\n\n\n<p>\u201cAgradecemos a las personas que\nllegaron hasta nuestras dependencias para disfrutar de esta exposici\u00f3n, sabemos\nque tenemos dramas como ganaderos, pero debemos seguir trabajando para seguir\nsiendo uno de los mercados importantes del pa\u00eds\u201d, manifest\u00f3 Christian Concha,\npresidente de Asogama.<\/p>\n\n\n\n<p>Por su parte, el seremi de\nAgricultura, Alfonso Roux, expres\u00f3 que \u201cesta es una gran instancia para los\nganaderos poder presentar su trabajo, pero as\u00ed tambi\u00e9n ellos esperan poder\ntener alg\u00fan tipo de nombramiento por parte de las autoridades, quiz\u00e1s en este\ncaso no fue, pero esperamos que este 2020 sea un gran a\u00f1o para la ganader\u00eda\nnacional y regional particularmente\u201d.<\/p>\n\n\n\n<p>En la ocasi\u00f3n tambi\u00e9n se cont\u00f3\ncon la presencia del presidente de la coriedale en Per\u00fa, Michael Prime, quien\nhizo una invitaci\u00f3n a los ganaderos que se especialidad en la raza coriedale a\nparticipar del pr\u00f3ximo congreso a realzarse en Per\u00fa.<\/p>\n\n\n\n<p>En la ocasi\u00f3n tambi\u00e9n se realiz\u00f3\nla primera versi\u00f3n del Speed Shear, esquila r\u00e1pida en la ExpoGama, en la\nocasi\u00f3n nueve participantes dieron lo mejor de s\u00ed para quedarse con dicho\ngalard\u00f3n que cont\u00f3 con representantes chilenos, de Porvenir, Punta Arenas, as\u00ed\ntambi\u00e9n desde Argentina y la \u00fanica mujer participante proveniente de Alemania.<\/p>\n\n\n\n<p>Este lunes se realizar\u00e1 durante la jornada de la tarde el remate de ovinos en dependencias de Asogama, ubicado en las intersecciones de avenida Bulnes con calle Manantiales.<\/p>\n\n\n\n<p>CHH<\/p>\n","protected":false},"excerpt":{"rendered":"<p>Durante le fin de semana, se realiz\u00f3 la versi\u00f3n 68\u00b0 de la Exposici\u00f3n Ganadera de Magallanes (ExpoGama) 2020, en la ocasi\u00f3n cientos de personas disfrutaron de las distintas alternativas que&#8230; <a class=\"read-more\" href=\"https:\/\/www.radiopresidenteibanez.cl\/web\/cientos-de-personas-visitaron-la-version-68-de-la-expogama-2020\/\">Leer m\u00e1s<\/a><\/p>\n","protected":false},"author":2,"featured_media":10137,"comment_status":"closed","ping_status":"closed","sticky":false,"template":"","format":"standard","meta":{"footnotes":""},"categories":[1],"tags":[],"class_list":["post-10136","post","type-post","status-publish","format-standard","has-post-thumbnail","hentry","category-cronica"],"_links":{"self":[{"href":"https:\/\/www.radiopresidenteibanez.cl\/web\/wp-json\/wp\/v2\/posts\/10136","targetHints":{"allow":["GET"]}}],"collection":[{"href":"https:\/\/www.radiopresidenteibanez.cl\/web\/wp-json\/wp\/v2\/posts"}],"about":[{"href":"https:\/\/www.radiopresidenteibanez.cl\/web\/wp-json\/wp\/v2\/types\/post"}],"author":[{"embeddable":true,"href":"https:\/\/www.radiopresidenteibanez.cl\/web\/wp-json\/wp\/v2\/users\/2"}],"replies":[{"embeddable":true,"href":"https:\/\/www.radiopresidenteibanez.cl\/web\/wp-json\/wp\/v2\/comments?post=10136"}],"version-history":[{"count":0,"href":"https:\/\/www.radiopresidenteibanez.cl\/web\/wp-json\/wp\/v2\/posts\/10136\/revisions"}],"wp:featuredmedia":[{"embeddable":true,"href":"https:\/\/www.radiopresidenteibanez.cl\/web\/wp-json\/wp\/v2\/media\/10137"}],"wp:attachment":[{"href":"https:\/\/www.radiopresidenteibanez.cl\/web\/wp-json\/wp\/v2\/media?parent=10136"}],"wp:term":[{"taxonomy":"category","embeddable":true,"href":"https:\/\/www.radiopresidenteibanez.cl\/web\/wp-json\/wp\/v2\/categories?post=10136"},{"taxonomy":"post_tag","embeddable":true,"href":"https:\/\/www.radiopresidenteibanez.cl\/web\/wp-json\/wp\/v2\/tags?post=10136"}],"curies":[{"name":"wp","href":"https:\/\/api.w.org\/{rel}","templated":true}]}}