{"id":1013,"date":"2019-02-03T14:32:02","date_gmt":"2019-02-03T14:32:02","guid":{"rendered":"http:\/\/www.radiopresidenteibanez.cl\/web\/?p=1013"},"modified":"2019-02-03T14:32:20","modified_gmt":"2019-02-03T14:32:20","slug":"internos-del-complejo-penitenciario-de-punta-arenas-participan-en-programa-de-educacion-financiera","status":"publish","type":"post","link":"https:\/\/www.radiopresidenteibanez.cl\/web\/internos-del-complejo-penitenciario-de-punta-arenas-participan-en-programa-de-educacion-financiera\/","title":{"rendered":"INTERNOS DEL COMPLEJO PENITENCIARIO DE PUNTA ARENAS PARTICIPAN EN PROGRAMA DE EDUCACI\u00d3N FINANCIERA"},"content":{"rendered":"\n<p>Orientado a entregar herramientas\nque potencien las capacidades financieras de las personas para que puedan tomar\ndecisiones informadas y responsables respecto de la administraci\u00f3n de sus\nrecursos, es el objetivo central del programa \u201cEducaci\u00f3n Financiera\u201d, que\nimpulsa el Fondo de Solidaridad e Inversi\u00f3n Social, FOSIS, servicio relacionado\nal Ministerio de Desarrollo Social.<\/p>\n\n\n\n<p>En esta oportunidad, son 30 los\ninternos del Complejo Penitenciario de la comuna que participan de esta\niniciativa que considera 48 horas de capacitaci\u00f3n, desarrolladas en 8 sesiones\nde talleres presenciales.<\/p>\n\n\n\n<p>Las sesiones incluyen material\nmetodol\u00f3gico l\u00fadico, como el juego \u201cT\u00fa decides\u201d, el que a trav\u00e9s de cartas,\ndados y un tablero, acercan los conceptos del ahorro y finanzas a familias,\nemprendedores y en general a los usuarios que participan en \u00e9ste, simulando\nsituaciones de la vida real para una buena y responsable toma de decisiones.<\/p>\n\n\n\n<p>\u201cPrimero que todo, agradecemos a\nGendarmer\u00eda de Chile por permitirnos desarrollar esta iniciativa al interior\ndel Complejo Penitenciario de Punta Arenas. Con esto queremos apoyar el proceso\nde reinserci\u00f3n social de los internos, entregando oportunidades para que puedan\ncapacitarse en materias que les van a servir, por sus diversos oficios, para\nplanificarse, manejar efectivamente su dinero, ahorrar y evitar el sobreendeudamiento\u201d,\nse\u00f1al\u00f3 el director regional del FOSIS, Hern\u00e1n Soto.<\/p>\n\n\n\n<p>Por su parte, el director\nregional de Gendarmer\u00eda de Chile, coronel Luis Mu\u00f1oz, valor\u00f3 la implementaci\u00f3n\nde este programa en beneficio de los internos del penal de la comuna,\nmostr\u00e1ndose abierto a seguir trabajando en conjunto, con otro tipo de\niniciativas, para colaborar en el proceso de reinserci\u00f3n social que est\u00e1n\nrealizando. <\/p>\n","protected":false},"excerpt":{"rendered":"<p>Orientado a entregar herramientas que potencien las capacidades financieras de las personas para que puedan tomar decisiones informadas y responsables respecto de la administraci\u00f3n de sus recursos, es el objetivo&#8230; <a class=\"read-more\" href=\"https:\/\/www.radiopresidenteibanez.cl\/web\/internos-del-complejo-penitenciario-de-punta-arenas-participan-en-programa-de-educacion-financiera\/\">Leer m\u00e1s<\/a><\/p>\n","protected":false},"author":2,"featured_media":1014,"comment_status":"closed","ping_status":"closed","sticky":false,"template":"","format":"standard","meta":{"footnotes":""},"categories":[1],"tags":[],"class_list":["post-1013","post","type-post","status-publish","format-standard","has-post-thumbnail","hentry","category-cronica"],"_links":{"self":[{"href":"https:\/\/www.radiopresidenteibanez.cl\/web\/wp-json\/wp\/v2\/posts\/1013","targetHints":{"allow":["GET"]}}],"collection":[{"href":"https:\/\/www.radiopresidenteibanez.cl\/web\/wp-json\/wp\/v2\/posts"}],"about":[{"href":"https:\/\/www.radiopresidenteibanez.cl\/web\/wp-json\/wp\/v2\/types\/post"}],"author":[{"embeddable":true,"href":"https:\/\/www.radiopresidenteibanez.cl\/web\/wp-json\/wp\/v2\/users\/2"}],"replies":[{"embeddable":true,"href":"https:\/\/www.radiopresidenteibanez.cl\/web\/wp-json\/wp\/v2\/comments?post=1013"}],"version-history":[{"count":0,"href":"https:\/\/www.radiopresidenteibanez.cl\/web\/wp-json\/wp\/v2\/posts\/1013\/revisions"}],"wp:featuredmedia":[{"embeddable":true,"href":"https:\/\/www.radiopresidenteibanez.cl\/web\/wp-json\/wp\/v2\/media\/1014"}],"wp:attachment":[{"href":"https:\/\/www.radiopresidenteibanez.cl\/web\/wp-json\/wp\/v2\/media?parent=1013"}],"wp:term":[{"taxonomy":"category","embeddable":true,"href":"https:\/\/www.radiopresidenteibanez.cl\/web\/wp-json\/wp\/v2\/categories?post=1013"},{"taxonomy":"post_tag","embeddable":true,"href":"https:\/\/www.radiopresidenteibanez.cl\/web\/wp-json\/wp\/v2\/tags?post=1013"}],"curies":[{"name":"wp","href":"https:\/\/api.w.org\/{rel}","templated":true}]}}