{"id":1010,"date":"2019-02-03T14:28:53","date_gmt":"2019-02-03T14:28:53","guid":{"rendered":"http:\/\/www.radiopresidenteibanez.cl\/web\/?p=1010"},"modified":"2019-02-03T14:29:15","modified_gmt":"2019-02-03T14:29:15","slug":"autoridades-llaman-a-la-precaucion-frente-a-ola-de-calor-de-los-proximos-dias","status":"publish","type":"post","link":"https:\/\/www.radiopresidenteibanez.cl\/web\/autoridades-llaman-a-la-precaucion-frente-a-ola-de-calor-de-los-proximos-dias\/","title":{"rendered":"AUTORIDADES LLAMAN A LA PRECAUCI\u00d3N FRENTE A OLA DE CALOR DE LOS PR\u00d3XIMOS D\u00cdAS"},"content":{"rendered":"\n<p>El term\u00f3metro promete marcar sobre los 23\u00b0 en toda la regi\u00f3n de Magallanes, es por esto, que el Comit\u00e9 Provincial de Emergencias (COE), levant\u00f3 una mesa de trabajo liderada por el gobernador de Magallanes, Nicol\u00e1s Cogler, para prever las posibles emergencias que pudiesen ocurrir producto de esta ola de calor.<\/p>\n\n\n\n<p>Las precauciones, est\u00e1n\nprincipalmente dirigidas a la prevenci\u00f3n de incendios forestales, ya que como\ndeclar\u00f3 el director de Onemi Juan Carlos Andrades: \u201caqu\u00ed tenemos que tener\nmucho cuidado con la emisi\u00f3n de incendios. Tenemos un 80% conforme a los\nprotocolos de CONAF de incendios, entre un 50 y un 80% en toda la regi\u00f3n, el\nd\u00eda lunes y el d\u00eda martes y eso es preocupante desde el punto de vista de la\nprotecci\u00f3n a nuestro medio ambiente y nuestra forestaci\u00f3n\u201d.<\/p>\n\n\n\n<p>&nbsp;El gobernador Cogler, detall\u00f3 que: \u201cnuestros\nvecinos, van a poder aprovechar a lo largo de toda la regi\u00f3n las altas\ntemperaturas, que ser\u00e1 entre el pr\u00f3ximo domingo y el d\u00eda martes. Van a ser tres\nd\u00edas que vamos a tener agradables temperaturas. En Puerto Natales, va a alcanzar\nlos 24\u00b0 el d\u00eda domingo y lunes, en Puerto Williams vamos a tener temperaturas\nbastante inusuales, con 24\u00b0 tambi\u00e9n, domingo y martes en torno a los 23\u00b0, y en\nPunta Delgada, vamos a tener la sorpresa, 26\u00b0 el domingo y 25\u00b0 el lunes. En Punta\nArenas, en cambio, vamos a tener temperaturas en torno a los 23\u00b0. A los vecinos,\nqueremos decirles que disfruten estas temperaturas, que se protejan, se cuiden\ny que por cierto, puedan aprovechar este fin de semana en familia, porque\nnosotros, el Estado, va a estar preocupado a que en caso de ocurrir una\nemergencia, responder ante ello\u201d.<\/p>\n\n\n\n<p>Igualmente, Andrades hizo\nhincapi\u00e9 en lo importante que es tener un buen majeo del fuego, para quienes\ndecidan realizar actividades al aire libre en los pr\u00f3ximos d\u00edas, \u201cla familia va\na salir, eso lo sabemos y el tema es tener la conciencia de hacer su fogata o\nasado donde corresponde, donde est\u00e1 dispuesto, ya que en muchos lugares existe\nese espacio y donde no los hay, tener la precauci\u00f3n de aislar el fuego, dejarlo\nbien apagado, no s\u00f3lo superficialmente, usar una pala, llevar una pala, porque\nnormalmente uno no lleva una pala a un asado, levantar la base del fuego, darlo\nvuelta, para que quede bien apagado. Aqu\u00ed en nuestra regi\u00f3n, la turba y toda la\ncapa vegetal es importante porque tenemos mucha arboleda y eso se prende y no\nest\u00e1 a la vista de la persona, entonces uno piensa que se apag\u00f3, pero no es\nas\u00ed, por lo tanto tenemos que darnos unos minutos m\u00e1s para dejarlo apagado. Ha\nhabido incendios en la zona sur, en el sector de San Juan, en terrenos\nparticulares donde hicieron un asado, donde producto de lo mismo, tenemos este\ntipo de incendios, el a\u00f1o pasado, tuvimos un incendio importante dentro de esa\nzona\u201d.<\/p>\n","protected":false},"excerpt":{"rendered":"<p>El term\u00f3metro promete marcar sobre los 23\u00b0 en toda la regi\u00f3n de Magallanes, es por esto, que el Comit\u00e9 Provincial de Emergencias (COE), levant\u00f3 una mesa de trabajo liderada por&#8230; <a class=\"read-more\" href=\"https:\/\/www.radiopresidenteibanez.cl\/web\/autoridades-llaman-a-la-precaucion-frente-a-ola-de-calor-de-los-proximos-dias\/\">Leer m\u00e1s<\/a><\/p>\n","protected":false},"author":2,"featured_media":1011,"comment_status":"closed","ping_status":"closed","sticky":false,"template":"","format":"standard","meta":{"footnotes":""},"categories":[1],"tags":[],"class_list":["post-1010","post","type-post","status-publish","format-standard","has-post-thumbnail","hentry","category-cronica"],"_links":{"self":[{"href":"https:\/\/www.radiopresidenteibanez.cl\/web\/wp-json\/wp\/v2\/posts\/1010","targetHints":{"allow":["GET"]}}],"collection":[{"href":"https:\/\/www.radiopresidenteibanez.cl\/web\/wp-json\/wp\/v2\/posts"}],"about":[{"href":"https:\/\/www.radiopresidenteibanez.cl\/web\/wp-json\/wp\/v2\/types\/post"}],"author":[{"embeddable":true,"href":"https:\/\/www.radiopresidenteibanez.cl\/web\/wp-json\/wp\/v2\/users\/2"}],"replies":[{"embeddable":true,"href":"https:\/\/www.radiopresidenteibanez.cl\/web\/wp-json\/wp\/v2\/comments?post=1010"}],"version-history":[{"count":0,"href":"https:\/\/www.radiopresidenteibanez.cl\/web\/wp-json\/wp\/v2\/posts\/1010\/revisions"}],"wp:featuredmedia":[{"embeddable":true,"href":"https:\/\/www.radiopresidenteibanez.cl\/web\/wp-json\/wp\/v2\/media\/1011"}],"wp:attachment":[{"href":"https:\/\/www.radiopresidenteibanez.cl\/web\/wp-json\/wp\/v2\/media?parent=1010"}],"wp:term":[{"taxonomy":"category","embeddable":true,"href":"https:\/\/www.radiopresidenteibanez.cl\/web\/wp-json\/wp\/v2\/categories?post=1010"},{"taxonomy":"post_tag","embeddable":true,"href":"https:\/\/www.radiopresidenteibanez.cl\/web\/wp-json\/wp\/v2\/tags?post=1010"}],"curies":[{"name":"wp","href":"https:\/\/api.w.org\/{rel}","templated":true}]}}