{"id":10097,"date":"2020-03-06T01:03:41","date_gmt":"2020-03-06T01:03:41","guid":{"rendered":"https:\/\/www.radiopresidenteibanez.cl\/web\/?p=10097"},"modified":"2020-03-06T01:03:45","modified_gmt":"2020-03-06T01:03:45","slug":"senama-lanza-el-fondo-nacional-del-adulto-mayor-2020-con-mas-73-millones-de-pesos-para-financiar-los-proyectos-de-las-organizaciones-de-mayores-en-magallanes","status":"publish","type":"post","link":"https:\/\/www.radiopresidenteibanez.cl\/web\/senama-lanza-el-fondo-nacional-del-adulto-mayor-2020-con-mas-73-millones-de-pesos-para-financiar-los-proyectos-de-las-organizaciones-de-mayores-en-magallanes\/","title":{"rendered":"SENAMA LANZA EL FONDO NACIONAL DEL ADULTO MAYOR 2020 CON M\u00c1S 73 MILLONES DE PESOS PARA FINANCIAR LOS PROYECTOS DE LAS ORGANIZACIONES DE MAYORES EN MAGALLANES"},"content":{"rendered":"\n<p>Contar con adultos mayores m\u00e1s\nactivos, integrados y con espacios de participaci\u00f3n es uno de los desaf\u00edos que\ntiene el Servicio Nacional del Adulto Mayor (SENAMA).<\/p>\n\n\n\n<p>Por eso, a partir de hoy las\npersonas mayores de la regi\u00f3n de Magallanes y Ant\u00e1rtica Chilena podr\u00e1n postular\nsus iniciativas al Fondo Nacional del Adulto Mayor 2020, que para este a\u00f1o\ncuenta en la regi\u00f3n de Magallanes y Ant\u00e1rtica Chilena con $73 millones de pesos\npara financiar los proyectos de las organizaciones de mayores que cuentan con\npersonalidad jur\u00eddica.<\/p>\n\n\n\n<p>De esta forma, los proyectos a\npresentar pueden corresponder a cualquiera de las siete tipolog\u00edas, entre las\nque destacan alfabetizaci\u00f3n digital, actividades productivas, compra de\nequipamiento, viajes tur\u00edsticos, entre otros. <\/p>\n\n\n\n<p>Ante el inicio de las\npostulaciones, la Seremi de Desarrollo Social y Familia, Liz Casanueva Mendez\nse\u00f1al\u00f3 \u201cQueremos invitar a las m\u00e1s de 160 agrupaciones de adultos mayores de\nlas 4 provincias de la Regi\u00f3n a postular al Fondo Nacional del Adulto mayor.\nComo Gobierno nos encontramos desarrollando diversas instancias que buscan\nincentivar la participaci\u00f3n social y el Envejecimiento positivo, y sin duda este\nFondo de Senama es una de ellas\u201d. <\/p>\n\n\n\n<p>En tanto la coordinadora regional\nde SENAMA, Rebeca Aguilante Canales destac\u00f3 que \u201cCon estos recursos que est\u00e1n\ndisponibles para las organizaciones de mayores se har\u00e1n realidad muchas de las\nideas y proyectos que quedan postergados debido a la falta de recursos. Lo m\u00e1s\nimportante es que son las propias organizaciones de mayores las protagonistas,\nquienes se re\u00fanen y organizan para concretar estas ideas. Eso nos demuestra que\nlas personas mayores siguen activas y requieren de mayores espacios de\nparticipaci\u00f3n e integraci\u00f3n en la sociedad\u201d.<\/p>\n\n\n\n<p>Las postulaciones se pueden\nrealizar hasta las 13:30 horas del pr\u00f3ximo 30 de abril en las a trav\u00e9s de la\nplataforma disponible en <a href=\"http:\/\/www.senama.gob.cl\">www.senama.gob.cl<\/a>,\nen la Coordinaci\u00f3n Regional de Senama ubicada en Sarmiento 916. Y en el caso de\nlas Provincias de \u00daltima Esperanza, Ant\u00e1rtica y Tierra del Fuego deben\nrealizarlo en las gobernaciones provinciales. <\/p>\n","protected":false},"excerpt":{"rendered":"<p>Contar con adultos mayores m\u00e1s activos, integrados y con espacios de participaci\u00f3n es uno de los desaf\u00edos que tiene el Servicio Nacional del Adulto Mayor (SENAMA). Por eso, a partir&#8230; <a class=\"read-more\" href=\"https:\/\/www.radiopresidenteibanez.cl\/web\/senama-lanza-el-fondo-nacional-del-adulto-mayor-2020-con-mas-73-millones-de-pesos-para-financiar-los-proyectos-de-las-organizaciones-de-mayores-en-magallanes\/\">Leer m\u00e1s<\/a><\/p>\n","protected":false},"author":2,"featured_media":10098,"comment_status":"closed","ping_status":"closed","sticky":false,"template":"","format":"standard","meta":{"footnotes":""},"categories":[1],"tags":[],"class_list":["post-10097","post","type-post","status-publish","format-standard","has-post-thumbnail","hentry","category-cronica"],"_links":{"self":[{"href":"https:\/\/www.radiopresidenteibanez.cl\/web\/wp-json\/wp\/v2\/posts\/10097","targetHints":{"allow":["GET"]}}],"collection":[{"href":"https:\/\/www.radiopresidenteibanez.cl\/web\/wp-json\/wp\/v2\/posts"}],"about":[{"href":"https:\/\/www.radiopresidenteibanez.cl\/web\/wp-json\/wp\/v2\/types\/post"}],"author":[{"embeddable":true,"href":"https:\/\/www.radiopresidenteibanez.cl\/web\/wp-json\/wp\/v2\/users\/2"}],"replies":[{"embeddable":true,"href":"https:\/\/www.radiopresidenteibanez.cl\/web\/wp-json\/wp\/v2\/comments?post=10097"}],"version-history":[{"count":0,"href":"https:\/\/www.radiopresidenteibanez.cl\/web\/wp-json\/wp\/v2\/posts\/10097\/revisions"}],"wp:featuredmedia":[{"embeddable":true,"href":"https:\/\/www.radiopresidenteibanez.cl\/web\/wp-json\/wp\/v2\/media\/10098"}],"wp:attachment":[{"href":"https:\/\/www.radiopresidenteibanez.cl\/web\/wp-json\/wp\/v2\/media?parent=10097"}],"wp:term":[{"taxonomy":"category","embeddable":true,"href":"https:\/\/www.radiopresidenteibanez.cl\/web\/wp-json\/wp\/v2\/categories?post=10097"},{"taxonomy":"post_tag","embeddable":true,"href":"https:\/\/www.radiopresidenteibanez.cl\/web\/wp-json\/wp\/v2\/tags?post=10097"}],"curies":[{"name":"wp","href":"https:\/\/api.w.org\/{rel}","templated":true}]}}