{"id":10094,"date":"2020-03-06T01:01:13","date_gmt":"2020-03-06T01:01:13","guid":{"rendered":"https:\/\/www.radiopresidenteibanez.cl\/web\/?p=10094"},"modified":"2020-03-06T01:01:17","modified_gmt":"2020-03-06T01:01:17","slug":"enfermera-de-combate-de-la-iva-brigada-aerea-fue-distinguida-por-la-municipalidad-de-punta-arenas","status":"publish","type":"post","link":"https:\/\/www.radiopresidenteibanez.cl\/web\/enfermera-de-combate-de-la-iva-brigada-aerea-fue-distinguida-por-la-municipalidad-de-punta-arenas\/","title":{"rendered":"ENFERMERA DE COMBATE DE LA IV\u00aa BRIGADA A\u00c9REA FUE DISTINGUIDA POR LA MUNICIPALIDAD DE PUNTA ARENAS"},"content":{"rendered":"\n<p>En\nel marco de la conmemoraci\u00f3n del D\u00eda de la Mujer, la Municipalidad de Punta\nArenas reconoci\u00f3 como Mujer Destacada 2020, a la Enfermera de Combate de la IV\u00aa\nBrigada A\u00e9rea, Sargento 2\u00b0 Ximena Vilos.<\/p>\n\n\n\n<p>El\nreconocimiento, que se realiz\u00f3 el jueves 5 de marzo en dependencias de\nCORDENAP, fue entregado por el alcalde de la ciudad, Claudio Radonich. Cabe\ndestacar que en la actividad se distingui\u00f3 a mujeres de diferentes \u00e1mbitos\nlaborales que han aportado con su trabajo a la Regi\u00f3n de Magallanes y la\nAnt\u00e1rtica Chilena.<\/p>\n\n\n\n<p>Actualmente,\nla Sargento 2\u00b0 Vilos, quien cuenta con 20 a\u00f1os de servicio en la Instituci\u00f3n,\nse desempe\u00f1a en el Grupo de Sanidad, Unidad donde participa en evacuaciones\naerom\u00e9dicas y apoya los requerimientos que se realizan desde la Ant\u00e1rtica,\njunto con liderar diversos operativos del \u00e1rea m\u00e9dica.<\/p>\n\n\n\n<p>Durante\nsu trayectoria militar ha enfrentado una serie de desaf\u00edos, destacando entre\nellos su participaci\u00f3n en la Misi\u00f3n de Paz en Hait\u00ed, durante los a\u00f1os 2015-2016.<\/p>\n\n\n\n<p>El\nComandante en Jefe de la IV\u00aa Brigada A\u00e9rea, General de Brigada A\u00e9rea (A)\nEduardo Mosqueira Cruz, felicit\u00f3 a la Sargento 2\u00b0 Vilos por el reconocimiento y\nagradeci\u00f3 su profesionalismo y vocaci\u00f3n de servicio, cualidades que aportan al\nquehacer diario de la Unidad.<\/p>\n","protected":false},"excerpt":{"rendered":"<p>En el marco de la conmemoraci\u00f3n del D\u00eda de la Mujer, la Municipalidad de Punta Arenas reconoci\u00f3 como Mujer Destacada 2020, a la Enfermera de Combate de la IV\u00aa Brigada&#8230; <a class=\"read-more\" href=\"https:\/\/www.radiopresidenteibanez.cl\/web\/enfermera-de-combate-de-la-iva-brigada-aerea-fue-distinguida-por-la-municipalidad-de-punta-arenas\/\">Leer m\u00e1s<\/a><\/p>\n","protected":false},"author":2,"featured_media":10095,"comment_status":"closed","ping_status":"closed","sticky":false,"template":"","format":"standard","meta":{"footnotes":""},"categories":[1],"tags":[],"class_list":["post-10094","post","type-post","status-publish","format-standard","has-post-thumbnail","hentry","category-cronica"],"_links":{"self":[{"href":"https:\/\/www.radiopresidenteibanez.cl\/web\/wp-json\/wp\/v2\/posts\/10094","targetHints":{"allow":["GET"]}}],"collection":[{"href":"https:\/\/www.radiopresidenteibanez.cl\/web\/wp-json\/wp\/v2\/posts"}],"about":[{"href":"https:\/\/www.radiopresidenteibanez.cl\/web\/wp-json\/wp\/v2\/types\/post"}],"author":[{"embeddable":true,"href":"https:\/\/www.radiopresidenteibanez.cl\/web\/wp-json\/wp\/v2\/users\/2"}],"replies":[{"embeddable":true,"href":"https:\/\/www.radiopresidenteibanez.cl\/web\/wp-json\/wp\/v2\/comments?post=10094"}],"version-history":[{"count":0,"href":"https:\/\/www.radiopresidenteibanez.cl\/web\/wp-json\/wp\/v2\/posts\/10094\/revisions"}],"wp:featuredmedia":[{"embeddable":true,"href":"https:\/\/www.radiopresidenteibanez.cl\/web\/wp-json\/wp\/v2\/media\/10095"}],"wp:attachment":[{"href":"https:\/\/www.radiopresidenteibanez.cl\/web\/wp-json\/wp\/v2\/media?parent=10094"}],"wp:term":[{"taxonomy":"category","embeddable":true,"href":"https:\/\/www.radiopresidenteibanez.cl\/web\/wp-json\/wp\/v2\/categories?post=10094"},{"taxonomy":"post_tag","embeddable":true,"href":"https:\/\/www.radiopresidenteibanez.cl\/web\/wp-json\/wp\/v2\/tags?post=10094"}],"curies":[{"name":"wp","href":"https:\/\/api.w.org\/{rel}","templated":true}]}}