{"id":10091,"date":"2020-03-06T00:59:43","date_gmt":"2020-03-06T00:59:43","guid":{"rendered":"https:\/\/www.radiopresidenteibanez.cl\/web\/?p=10091"},"modified":"2020-03-06T00:59:48","modified_gmt":"2020-03-06T00:59:48","slug":"con-mejoras-en-infraestructura-municipal-y-aumento-de-matricula-se-inicia-el-nuevo-ano-escolar-en-puerto-natales","status":"publish","type":"post","link":"https:\/\/www.radiopresidenteibanez.cl\/web\/con-mejoras-en-infraestructura-municipal-y-aumento-de-matricula-se-inicia-el-nuevo-ano-escolar-en-puerto-natales\/","title":{"rendered":"CON MEJORAS EN INFRAESTRUCTURA MUNICIPAL Y AUMENTO DE MATR\u00cdCULA SE INICIA EL NUEVO A\u00d1O ESCOLAR EN PUERTO NATALES"},"content":{"rendered":"\n<p>M\u00e1s de 2700 ni\u00f1os y p\u00e1rvulos\ncomenzaron hoy el nuevo a\u00f1o escolar en la educaci\u00f3n p\u00fablica de Natales, el alcalde\nFernando Paredes Mansilla, quien estuvo acompa\u00f1ado de los concejales de la\ncomuna, el secretario&nbsp; general de la\nCorporaci\u00f3n Municipal de Natales, y la directora de educaci\u00f3n, visitaron dos escuelas\n&nbsp;para dar la bienvenida a los alumnos,\ndocentes y apoderados natalinos en el inicio del a\u00f1o escolar.<\/p>\n\n\n\n<p>Los colegios visitados fueron la\nescuela \u201cJuan Ladrillero\u201d y \u201cBaudilia Avenda\u00f1o de Yousuff\u201d, la primera cuenta\ncon 491 alumnos matriculados y fue beneficiada con un proyecto de mejoramiento que\npreviene los anegamientos. La segunda escuela cuenta con 205 alumnos y una intervenci\u00f3n\nen los emplazamientos exteriores.<\/p>\n\n\n\n<p>En la instancia, el mandatario comunal\nagradeci\u00f3 la confianza de los apoderados en la educaci\u00f3n municipal de Natales.\n\u201cAqu\u00ed hay una credibilidad, pero tambi\u00e9n hay una confianza de entregar a sus\nalumnos por parte de muchos apoderados\u201d. Adem\u00e1s, se\u00f1al\u00f3 que: \u201cyo siento que\nestamos partiendo este a\u00f1o escolar con el pie derecho, obviamente tenemos mucho\ntrabajo durante todo este a\u00f1o, pero el compromiso de poder trabajar en\nbeneficio de mejorar la calidad de la educaci\u00f3n, no tan solo es un compromiso\nde un alcalde, es un compromiso de los padres y apoderados, asistentes de la\neducaci\u00f3n, de los equipos directivos, de los docentes, en fin. La calidad de la\neducaci\u00f3n es responsabilidad de todos y as\u00ed lo tenemos que entender ac\u00e1 en\nPuerto Natales\u201d.<\/p>\n\n\n\n<p>Asimismo, Fernando Paredes Mansilla,\ndestac\u00f3 la importancia de reunirse con los centros de alumnos de cada colegio\npara conocer de primera mano sus inquietudes. \u201cFue posible pesquisar esta\nnecesidad de instalar en cada uno de los establecimientos educacionales salas\nde enfermer\u00eda, entonces creo que es una din\u00e1mica que ha dado un lindo\nresultado. En este colegio hab\u00eda un problema de aguas lluvias que tambi\u00e9n se ha\nsolucionado durante el mes de enero y febrero con una inversi\u00f3n cercana a los\n240 millones de pesos, agregando obras de mejoramiento importantes\u201d.<\/p>\n\n\n\n<p>Por su parte, el Secretario\nGeneral de la Cormunat, se\u00f1al\u00f3 que como Corporaci\u00f3n est\u00e1n muy contentos en\nvolver a recibir a los estudiantes en este nuevo a\u00f1o escolar. \u201cHoy d\u00eda todo el\nsistema municipal se encuentra funcionando con normalidad, se encuentran todas\nlas dotaciones de docentes, asistentes de la educaci\u00f3n completa, entonces\ntenemos todas las condiciones humanas y t\u00e9cnicas para poder entregar un buen\nservicio de educaci\u00f3n\u201d.<\/p>\n\n\n\n<p>Adem\u00e1s de los trabajos de\nmejoramiento, durante el verano se trabaj\u00f3 en la construcci\u00f3n de enfermer\u00edas en\ncada una de las escuelas administradas por la Corporaci\u00f3n, y para el segundo\nsemestre se espera agregar enfermer\u00edas a los dos liceos municipales. La\nCorporaci\u00f3n Municipal administra ocho establecimientos urbanos y tres rurales,\nadem\u00e1s de cuatro jardines infantiles.<\/p>\n","protected":false},"excerpt":{"rendered":"<p>M\u00e1s de 2700 ni\u00f1os y p\u00e1rvulos comenzaron hoy el nuevo a\u00f1o escolar en la educaci\u00f3n p\u00fablica de Natales, el alcalde Fernando Paredes Mansilla, quien estuvo acompa\u00f1ado de los concejales de&#8230; <a class=\"read-more\" href=\"https:\/\/www.radiopresidenteibanez.cl\/web\/con-mejoras-en-infraestructura-municipal-y-aumento-de-matricula-se-inicia-el-nuevo-ano-escolar-en-puerto-natales\/\">Leer m\u00e1s<\/a><\/p>\n","protected":false},"author":2,"featured_media":10092,"comment_status":"closed","ping_status":"closed","sticky":false,"template":"","format":"standard","meta":{"footnotes":""},"categories":[1],"tags":[],"class_list":["post-10091","post","type-post","status-publish","format-standard","has-post-thumbnail","hentry","category-cronica"],"_links":{"self":[{"href":"https:\/\/www.radiopresidenteibanez.cl\/web\/wp-json\/wp\/v2\/posts\/10091","targetHints":{"allow":["GET"]}}],"collection":[{"href":"https:\/\/www.radiopresidenteibanez.cl\/web\/wp-json\/wp\/v2\/posts"}],"about":[{"href":"https:\/\/www.radiopresidenteibanez.cl\/web\/wp-json\/wp\/v2\/types\/post"}],"author":[{"embeddable":true,"href":"https:\/\/www.radiopresidenteibanez.cl\/web\/wp-json\/wp\/v2\/users\/2"}],"replies":[{"embeddable":true,"href":"https:\/\/www.radiopresidenteibanez.cl\/web\/wp-json\/wp\/v2\/comments?post=10091"}],"version-history":[{"count":0,"href":"https:\/\/www.radiopresidenteibanez.cl\/web\/wp-json\/wp\/v2\/posts\/10091\/revisions"}],"wp:featuredmedia":[{"embeddable":true,"href":"https:\/\/www.radiopresidenteibanez.cl\/web\/wp-json\/wp\/v2\/media\/10092"}],"wp:attachment":[{"href":"https:\/\/www.radiopresidenteibanez.cl\/web\/wp-json\/wp\/v2\/media?parent=10091"}],"wp:term":[{"taxonomy":"category","embeddable":true,"href":"https:\/\/www.radiopresidenteibanez.cl\/web\/wp-json\/wp\/v2\/categories?post=10091"},{"taxonomy":"post_tag","embeddable":true,"href":"https:\/\/www.radiopresidenteibanez.cl\/web\/wp-json\/wp\/v2\/tags?post=10091"}],"curies":[{"name":"wp","href":"https:\/\/api.w.org\/{rel}","templated":true}]}}