{"id":10085,"date":"2020-03-06T00:53:14","date_gmt":"2020-03-06T00:53:14","guid":{"rendered":"https:\/\/www.radiopresidenteibanez.cl\/web\/?p=10085"},"modified":"2020-03-06T00:53:17","modified_gmt":"2020-03-06T00:53:17","slug":"municipio-de-punta-arenas-destaco-a-32-mujeres-por-su-trayectoria-y-aporte-a-la-comuna","status":"publish","type":"post","link":"https:\/\/www.radiopresidenteibanez.cl\/web\/municipio-de-punta-arenas-destaco-a-32-mujeres-por-su-trayectoria-y-aporte-a-la-comuna\/","title":{"rendered":"MUNICIPIO DE PUNTA ARENAS DESTAC\u00d3 A 32 MUJERES POR SU TRAYECTORIA Y APORTE A LA COMUNA"},"content":{"rendered":"\n<p>32 mujeres de la comuna fueron destacadas, este jueves (5 de\nmarzo), por el Municipio de Punta Arenas, actividad enmarcada en la\nconmemoraci\u00f3n del D\u00eda Internacional de la Mujer.<\/p>\n\n\n\n<p>Dirigentes sociales, institucionales, del \u00e1mbito de la\nsalud, deportistas y muchas otras fueron distinguidas por su trayectoria y\naporte a la comuna en distintos \u00e1mbitos. \u201cEstamos muy contentos de poder\nnuevamente, como es tradicional, darle gracias a distinguidas vecinas de\nnuestra comunidad, entre las muchas que hay. Darle gracias por lo que han\nhecho. Son personas que en sus \u00e1mbitos se han destacado, desde el \u00e1mbito\ndeportivo, cultural, art\u00edstico, son personas que marcan la diferencia\u201d, se\u00f1al\u00f3\nel alcalde de Punta Arenas, Claudio Radonich.<\/p>\n\n\n\n<p>Las homenajeadas valoraron la instancia y el reconocimiento\nrealizado por el Municipio, que seg\u00fan se\u00f1alaron, les motiva a seguir trabajando\nen sus respectivos \u00e1mbitos. \u201cCreo que es importante que las autoridades de la\nciudad puedan reconocer la labor de las mujeres. Es estimulante, gratificante y\nmotivador. As\u00ed que agradecida de la oportunidad de haber sido destacada, creo\nque es una actividad que se debiese seguir haciendo porque hay muchas mujeres\nque hacen muchas actividades que son en beneficio de la comunidad, de la\nsociedad, que impactan y que son edificantes\u201d, indic\u00f3 Belinda Z\u00fa\u00f1iga Inostroza,\nreconocida por su labor de 22 a\u00f1os en el voluntariado Damas de Blanco y en el\nHospital Cl\u00ednico, donde actualmente brinda ayuda espiritual y en art\u00edculos de\nprimera necesidad a quienes lo necesiten.<\/p>\n\n\n\n<p>Por su parte, la se\u00f1ora Peggy Mackay Macdonald, reconocida\npor su gran labor como mujer pionera, indic\u00f3 que \u201cestoy impresionada, no\nesperaba nunca tanto. Y ahora que estoy llegando al fin del camino\u2026 me falt\u00f3\nllorar no m\u00e1s\u201d.<\/p>\n\n\n\n<p>En la oportunidad se hizo una menci\u00f3n especial a la se\u00f1ora\nAdela Ulloa Vald\u00e9s (Q.E.P.D), a quien se le realiz\u00f3 un homenaje p\u00f3stumo por su\ngran labor como dirigente social. El reconocimiento fue recibido por sus hijas.<\/p>\n\n\n\n<p>Las actividades por el d\u00eda de la Mujer continuar\u00e1n este\ndomingo, con la tradicional corrida que se organiza desde el Municipio de Punta\nArenas.<\/p>\n","protected":false},"excerpt":{"rendered":"<p>32 mujeres de la comuna fueron destacadas, este jueves (5 de marzo), por el Municipio de Punta Arenas, actividad enmarcada en la conmemoraci\u00f3n del D\u00eda Internacional de la Mujer. Dirigentes&#8230; <a class=\"read-more\" href=\"https:\/\/www.radiopresidenteibanez.cl\/web\/municipio-de-punta-arenas-destaco-a-32-mujeres-por-su-trayectoria-y-aporte-a-la-comuna\/\">Leer m\u00e1s<\/a><\/p>\n","protected":false},"author":2,"featured_media":10086,"comment_status":"closed","ping_status":"closed","sticky":false,"template":"","format":"standard","meta":{"footnotes":""},"categories":[1],"tags":[],"class_list":["post-10085","post","type-post","status-publish","format-standard","has-post-thumbnail","hentry","category-cronica"],"_links":{"self":[{"href":"https:\/\/www.radiopresidenteibanez.cl\/web\/wp-json\/wp\/v2\/posts\/10085","targetHints":{"allow":["GET"]}}],"collection":[{"href":"https:\/\/www.radiopresidenteibanez.cl\/web\/wp-json\/wp\/v2\/posts"}],"about":[{"href":"https:\/\/www.radiopresidenteibanez.cl\/web\/wp-json\/wp\/v2\/types\/post"}],"author":[{"embeddable":true,"href":"https:\/\/www.radiopresidenteibanez.cl\/web\/wp-json\/wp\/v2\/users\/2"}],"replies":[{"embeddable":true,"href":"https:\/\/www.radiopresidenteibanez.cl\/web\/wp-json\/wp\/v2\/comments?post=10085"}],"version-history":[{"count":0,"href":"https:\/\/www.radiopresidenteibanez.cl\/web\/wp-json\/wp\/v2\/posts\/10085\/revisions"}],"wp:featuredmedia":[{"embeddable":true,"href":"https:\/\/www.radiopresidenteibanez.cl\/web\/wp-json\/wp\/v2\/media\/10086"}],"wp:attachment":[{"href":"https:\/\/www.radiopresidenteibanez.cl\/web\/wp-json\/wp\/v2\/media?parent=10085"}],"wp:term":[{"taxonomy":"category","embeddable":true,"href":"https:\/\/www.radiopresidenteibanez.cl\/web\/wp-json\/wp\/v2\/categories?post=10085"},{"taxonomy":"post_tag","embeddable":true,"href":"https:\/\/www.radiopresidenteibanez.cl\/web\/wp-json\/wp\/v2\/tags?post=10085"}],"curies":[{"name":"wp","href":"https:\/\/api.w.org\/{rel}","templated":true}]}}