{"id":10082,"date":"2020-03-06T00:47:55","date_gmt":"2020-03-06T00:47:55","guid":{"rendered":"https:\/\/www.radiopresidenteibanez.cl\/web\/?p=10082"},"modified":"2020-03-06T00:47:59","modified_gmt":"2020-03-06T00:47:59","slug":"72-millones-para-iniciativas-comunitarias-en-atencion-primaria-entregara-servicio-de-salud","status":"publish","type":"post","link":"https:\/\/www.radiopresidenteibanez.cl\/web\/72-millones-para-iniciativas-comunitarias-en-atencion-primaria-entregara-servicio-de-salud\/","title":{"rendered":"72 MILLONES PARA INICIATIVAS COMUNITARIAS EN ATENCI\u00d3N PRIMARIA ENTREGAR\u00c1 SERVICIO DE SALUD"},"content":{"rendered":"\n<p>Hasta el pr\u00f3ximo 27 de marzo, tienen plazo todas\nlas organizaciones sociales con personalidad jur\u00eddica vigente, para postular al\nFondo Concursable \u201cBuenas Pr\u00e1cticas en Participaci\u00f3n Ciudadana en Atenci\u00f3n\nPrimaria\u201d, convocado por el Ministerio de Salud a trav\u00e9s del Servicio de Salud\nMagallanes.<\/p>\n\n\n\n<p>De la iniciativa, cuyo prop\u00f3sito es contribuir a la\ncreaci\u00f3n, desarrollo y difusi\u00f3n de experiencias o intervenciones innovadoras\nque, permitan generar gran impacto en la implementaci\u00f3n del Modelo de Atenci\u00f3n\nIntegral de Salud Familiar y Comunitario, con \u00e9nfasis en participaci\u00f3n\nciudadana, promoci\u00f3n de salud e intersectorialidad, puede postular toda organizaci\u00f3n\nu agrupaci\u00f3n con personalidad jur\u00eddica vigente de la regi\u00f3n de Magallanes.<\/p>\n\n\n\n<p>Al respecto el Director del Servicio de Salud,\nNelson Reyes, se\u00f1al\u00f3 que el objetivo del Servicio es entregar la posibilidad a las\norganizaciones de desarrollar estrategias innovadoras que aporten a mejorar al\nproceso de su salud y de su comunidad, fortaleciendo la inclusi\u00f3n y participaci\u00f3n\nciudadana.<\/p>\n\n\n\n<p>\u201cLo principal este a\u00f1o son los montos que tenemos\ndisponibles, son m\u00e1s de 66 millones de pesos que permiten postular en distintas\n\u00e1reas a organizaciones, para trabajar en el \u00e1mbito de la salud y, eso es\nimportante porque podemos tener proyectos a nivel de servicio que involucren a\nvarios establecimientos, postulaciones de forma independiente de cada uno de\nlos establecimientos y, tambi\u00e9n postulaciones por comuna; esperamos que de aqu\u00ed\nal 27 de marzo que es el plazo de cierre, podamos tener muy buenas iniciativas,\na las que por este a\u00f1o le daremos seguimiento como Servicio y aquellos con\nmejores resultados, podemos irlos incorporando como alternativa para aplicar en\notras comunas\u201d, indic\u00f3 el Director Reyes.<\/p>\n\n\n\n<p>Agregando la autoridad que, se cuenta con un total\nde 72 millones de pesos a distribuir en 3 tipos de proyectos. <\/p>\n\n\n\n<p>Rosario Astroza, referente del Servicio en esta estrategia,\ncoment\u00f3 que este fondo es continuaci\u00f3n del trabajo de Buenas Pr\u00e1cticas que se\nhac\u00eda anteriormente en la Atenci\u00f3n Primaria de Salud APS, pero que ahora se\nsuma el potenciar y fortalecer la participaci\u00f3n ciudadana. \u201ccontamos con tres\ntipos de proyectos que se pueden elaborar, contamos con un cupo de 18 millones\nde pesos que beneficie a toda la comunidad magall\u00e1nica, tenemos 7 proyectos de 6\nmillones de pesos cada y el \u00faltimo son 4 cupos financiados con 3 millones de\npesos cada uno, cualquier organizaci\u00f3n que no tenga fines de lucro pueden\nacercarse al centro de salud de su sector o aquello que elijan postular, seg\u00fan\nlas \u00e1reas tem\u00e1ticas que est\u00e1n en las bases publicadas en la p\u00e1gina web de\nnuestro Servicio y formular un proyecto en conjunto, en beneficio de la\ncomunidad con un sector de salud de atenci\u00f3n primaria\u201d, se\u00f1al\u00f3 la profesional.<\/p>\n\n\n\n<p>Destacar que los proyectos deben abordar en su intervenci\u00f3n\na lo menos una de las l\u00edneas de intervenci\u00f3n que son: infancia, adolescentes, adultos\nmayores \/ envejecimiento, enfermedades cr\u00f3nicas no transmisibles (ECNT), estilos\nde vida saludable, salud mental, medicina complementaria, medio ambiente y\nentorno saludable, pueblos originarios \/migrantes y\/o gesti\u00f3n de riesgo de\nemergencias y desastres; de igual forma, el Programa tambi\u00e9n adiciona puntaje extra\na quienes incorporen las tem\u00e1ticas de g\u00e9nero, diversidad sexual y\/o personas\ncon discapacidad.<\/p>\n\n\n\n<p>Para mayor informaci\u00f3n pueden consultar\ndirectamente en <a href=\"http:\/\/www.saludmagallanes.cl\">www.saludmagallanes.cl<\/a>\n<\/p>\n","protected":false},"excerpt":{"rendered":"<p>Hasta el pr\u00f3ximo 27 de marzo, tienen plazo todas las organizaciones sociales con personalidad jur\u00eddica vigente, para postular al Fondo Concursable \u201cBuenas Pr\u00e1cticas en Participaci\u00f3n Ciudadana en Atenci\u00f3n Primaria\u201d, convocado&#8230; <a class=\"read-more\" href=\"https:\/\/www.radiopresidenteibanez.cl\/web\/72-millones-para-iniciativas-comunitarias-en-atencion-primaria-entregara-servicio-de-salud\/\">Leer m\u00e1s<\/a><\/p>\n","protected":false},"author":2,"featured_media":10083,"comment_status":"closed","ping_status":"closed","sticky":false,"template":"","format":"standard","meta":{"footnotes":""},"categories":[1],"tags":[],"class_list":["post-10082","post","type-post","status-publish","format-standard","has-post-thumbnail","hentry","category-cronica"],"_links":{"self":[{"href":"https:\/\/www.radiopresidenteibanez.cl\/web\/wp-json\/wp\/v2\/posts\/10082","targetHints":{"allow":["GET"]}}],"collection":[{"href":"https:\/\/www.radiopresidenteibanez.cl\/web\/wp-json\/wp\/v2\/posts"}],"about":[{"href":"https:\/\/www.radiopresidenteibanez.cl\/web\/wp-json\/wp\/v2\/types\/post"}],"author":[{"embeddable":true,"href":"https:\/\/www.radiopresidenteibanez.cl\/web\/wp-json\/wp\/v2\/users\/2"}],"replies":[{"embeddable":true,"href":"https:\/\/www.radiopresidenteibanez.cl\/web\/wp-json\/wp\/v2\/comments?post=10082"}],"version-history":[{"count":0,"href":"https:\/\/www.radiopresidenteibanez.cl\/web\/wp-json\/wp\/v2\/posts\/10082\/revisions"}],"wp:featuredmedia":[{"embeddable":true,"href":"https:\/\/www.radiopresidenteibanez.cl\/web\/wp-json\/wp\/v2\/media\/10083"}],"wp:attachment":[{"href":"https:\/\/www.radiopresidenteibanez.cl\/web\/wp-json\/wp\/v2\/media?parent=10082"}],"wp:term":[{"taxonomy":"category","embeddable":true,"href":"https:\/\/www.radiopresidenteibanez.cl\/web\/wp-json\/wp\/v2\/categories?post=10082"},{"taxonomy":"post_tag","embeddable":true,"href":"https:\/\/www.radiopresidenteibanez.cl\/web\/wp-json\/wp\/v2\/tags?post=10082"}],"curies":[{"name":"wp","href":"https:\/\/api.w.org\/{rel}","templated":true}]}}