{"id":10079,"date":"2020-03-06T00:43:21","date_gmt":"2020-03-06T00:43:21","guid":{"rendered":"https:\/\/www.radiopresidenteibanez.cl\/web\/?p=10079"},"modified":"2020-03-06T00:43:25","modified_gmt":"2020-03-06T00:43:25","slug":"remozado-parque-de-los-dinosaurios-reabrira-sus-puertas-en-abril-de-este-ano","status":"publish","type":"post","link":"https:\/\/www.radiopresidenteibanez.cl\/web\/remozado-parque-de-los-dinosaurios-reabrira-sus-puertas-en-abril-de-este-ano\/","title":{"rendered":"REMOZADO PARQUE DE LOS DINOSAURIOS REABRIR\u00c1 SUS PUERTAS EN ABRIL DE ESTE A\u00d1O"},"content":{"rendered":"\n<p>\u201cQueremos que este siga siendo un espacio familiar, donde nuestros vecinos puedan venir con sus hijos, con sus nietos\u201d, expres\u00f3 el alcalde Claudio Radonich, quien se mostr\u00f3 optimista frente a los avances de las obras que se est\u00e1n ejecutando en la formalmente denominada, Plaza de los Ni\u00f1os, pero que se conoce como Parque de los Dinosaurios.<\/p>\n\n\n\n<p>Poco m\u00e1s de 96 millones de pesos fueron invertidos en el parque infantil, el cual fue inaugurado hace 10 a\u00f1os en el sector centro de la ciudad, y que desde abril contar\u00e1 con una nueva fachada y una renovaci\u00f3n global de todo su equipamiento.<\/p>\n\n\n\n<p>Seg\u00fan lo informado por el Director de Obras Municipales, Alex Saldivia, \u201cson 700 metros cuadrados de caucho, reparaci\u00f3n est\u00e9tica y estructural de los juegos, esto sumado a la implementaci\u00f3n de \u00c1reas Verdes, todo parte de las obras de mejoramiento que se est\u00e1n realizando en el Parque de los Dinosaurios de nuestra ciudad, ubicado en Avenida Costanera del Estrecho entre Ignacio Carrera Pinto y Mejicana\u201d.<\/p>\n\n\n\n<p>Los trabajos realizados en el recinto fueron reparaciones de estructura interna y externa en la totalidad de los juegos infantiles, las \u00e1reas verdes fueron mejoradas e incrementadas en los per\u00edmetros aleda\u00f1os y uno de los arreglos m\u00e1s importantes es el revestimiento del suelo, debido a que ya no ser\u00e1 de cemento sino de caucho cubriendo 700 metros cuadrados, el cual es m\u00e1s seguro para los peque\u00f1os usuarios.&nbsp;<\/p>\n\n\n\n<p>\u201cQueremos mantener que sea un espacio familiar, donde nuestros vecinos puedan venir con sus hijos, con sus nietos, que lo puedan pasar bien y que finalmente, este sea un lugar para las familias de Punta Arenas\u201d, argument\u00f3 Radonich, recalcando que los trabajos est\u00e1n a tiempo de entregarse a fines del pr\u00f3ximo mes, y que adem\u00e1s no existe problema para poder entregar una plaza con un est\u00e1ndar mejor al que ten\u00eda.<\/p>\n","protected":false},"excerpt":{"rendered":"<p>\u201cQueremos que este siga siendo un espacio familiar, donde nuestros vecinos puedan venir con sus hijos, con sus nietos\u201d, expres\u00f3 el alcalde Claudio Radonich, quien se mostr\u00f3 optimista frente a&#8230; <a class=\"read-more\" href=\"https:\/\/www.radiopresidenteibanez.cl\/web\/remozado-parque-de-los-dinosaurios-reabrira-sus-puertas-en-abril-de-este-ano\/\">Leer m\u00e1s<\/a><\/p>\n","protected":false},"author":2,"featured_media":10080,"comment_status":"closed","ping_status":"closed","sticky":false,"template":"","format":"standard","meta":{"footnotes":""},"categories":[1],"tags":[],"class_list":["post-10079","post","type-post","status-publish","format-standard","has-post-thumbnail","hentry","category-cronica"],"_links":{"self":[{"href":"https:\/\/www.radiopresidenteibanez.cl\/web\/wp-json\/wp\/v2\/posts\/10079","targetHints":{"allow":["GET"]}}],"collection":[{"href":"https:\/\/www.radiopresidenteibanez.cl\/web\/wp-json\/wp\/v2\/posts"}],"about":[{"href":"https:\/\/www.radiopresidenteibanez.cl\/web\/wp-json\/wp\/v2\/types\/post"}],"author":[{"embeddable":true,"href":"https:\/\/www.radiopresidenteibanez.cl\/web\/wp-json\/wp\/v2\/users\/2"}],"replies":[{"embeddable":true,"href":"https:\/\/www.radiopresidenteibanez.cl\/web\/wp-json\/wp\/v2\/comments?post=10079"}],"version-history":[{"count":0,"href":"https:\/\/www.radiopresidenteibanez.cl\/web\/wp-json\/wp\/v2\/posts\/10079\/revisions"}],"wp:featuredmedia":[{"embeddable":true,"href":"https:\/\/www.radiopresidenteibanez.cl\/web\/wp-json\/wp\/v2\/media\/10080"}],"wp:attachment":[{"href":"https:\/\/www.radiopresidenteibanez.cl\/web\/wp-json\/wp\/v2\/media?parent=10079"}],"wp:term":[{"taxonomy":"category","embeddable":true,"href":"https:\/\/www.radiopresidenteibanez.cl\/web\/wp-json\/wp\/v2\/categories?post=10079"},{"taxonomy":"post_tag","embeddable":true,"href":"https:\/\/www.radiopresidenteibanez.cl\/web\/wp-json\/wp\/v2\/tags?post=10079"}],"curies":[{"name":"wp","href":"https:\/\/api.w.org\/{rel}","templated":true}]}}