{"id":10076,"date":"2020-03-05T18:36:53","date_gmt":"2020-03-05T18:36:53","guid":{"rendered":"https:\/\/www.radiopresidenteibanez.cl\/web\/?p=10076"},"modified":"2020-03-05T18:36:56","modified_gmt":"2020-03-05T18:36:56","slug":"ya-estamos-cansados-de-mesas-de-trabajo-queremos-soluciones-concretas-enfatizo-la-concejala-veronica-aguilar-con-respecto-a-la-critica-situacion-del-transporte-mayor-de-la-comuna-d","status":"publish","type":"post","link":"https:\/\/www.radiopresidenteibanez.cl\/web\/ya-estamos-cansados-de-mesas-de-trabajo-queremos-soluciones-concretas-enfatizo-la-concejala-veronica-aguilar-con-respecto-a-la-critica-situacion-del-transporte-mayor-de-la-comuna-d\/","title":{"rendered":"\u201cYA ESTAMOS CANSADOS DE MESAS DE TRABAJO, QUEREMOS SOLUCIONES CONCRETAS\u201d, ENFATIZO LA CONCEJALA VER\u00d3NICA AGUILAR CON RESPECTO A LA CR\u00cdTICA SITUACI\u00d3N DEL TRANSPORTE MAYOR DE LA COMUNA DE PUNTA ARENAS."},"content":{"rendered":"\n<p>La situaci\u00f3n de los buses de transporte mayor en la ciudad de Punta arenas, es tremendamente preocupante, la empresa que no continua, otra que dice asumir pero que no lo hace, y las autoridades solo reaccionan con mesas de trabajo, eso es indignante, seg\u00fan explico la Concejala Veronica Aguilar.<\/p>\n\n\n\n<p>\u201cYo me he reunido con los choferes de la locomoci\u00f3n mayor, le he consultado al respecto al seremi de transporte, lo expuse en concejo municipal en reiteradas ocasiones, y el problema lleva casi dos a\u00f1os y nada, no hay soluci\u00f3n, no se que esta esperando el Ministerio de Transporte, \u00bfque existan mas accidentes?, esto ya no da para mas\u201d, aseguro la edil.<\/p>\n\n\n\n<p>Aguilar agreg\u00f3, que converso con el Intendente Fernandez al respecto, y que la autoridad regional le se\u00f1alo que viajara este mi\u00e9rcoles a Santiago a reunirse con la Ministra de Transporte, por lo que la Concejala le solicito formalmente al Alcalde Radonich que oficia al Ministerio y al intendente, y que le manifieste la preocupaci\u00f3n al respecto, \u201cojala la Ministra venga a Punta Arenas, a conocer la realidad, se suba a una micro y vea lo peligroso que es transitar por la ciudad a bordo de estos buses que ya est\u00e1n en decadencia por falta de mantenci\u00f3n\u201d, enfatizo Aguilar.<\/p>\n\n\n\n<p>Aqu\u00ed existe un contrato, yo no se si se sigue cancelando por los 80 buses que deber\u00edan circular, cuando en realidad los que est\u00e1n en recorrido no son mas de 40, y lo hacen en p\u00e9simas condiciones, dijo Aguilar.<\/p>\n\n\n\n<p>Agrego la concejala, que \u201cYa no queremos mesas de trabajo, ni buenos oficios, queremos soluciones concretas, hoy el ministerio de transporte esta poniendo en riesgo la integridad de nuestros vecinos, estudiantes, adultos mayores, trabajadores, y de todos quienes somos usuarios del transporte mayor\u201d.<\/p>\n","protected":false},"excerpt":{"rendered":"<p>La situaci\u00f3n de los buses de transporte mayor en la ciudad de Punta arenas, es tremendamente preocupante, la empresa que no continua, otra que dice asumir pero que no lo&#8230; <a class=\"read-more\" href=\"https:\/\/www.radiopresidenteibanez.cl\/web\/ya-estamos-cansados-de-mesas-de-trabajo-queremos-soluciones-concretas-enfatizo-la-concejala-veronica-aguilar-con-respecto-a-la-critica-situacion-del-transporte-mayor-de-la-comuna-d\/\">Leer m\u00e1s<\/a><\/p>\n","protected":false},"author":2,"featured_media":5663,"comment_status":"closed","ping_status":"closed","sticky":false,"template":"","format":"standard","meta":{"footnotes":""},"categories":[1],"tags":[],"class_list":["post-10076","post","type-post","status-publish","format-standard","has-post-thumbnail","hentry","category-cronica"],"_links":{"self":[{"href":"https:\/\/www.radiopresidenteibanez.cl\/web\/wp-json\/wp\/v2\/posts\/10076","targetHints":{"allow":["GET"]}}],"collection":[{"href":"https:\/\/www.radiopresidenteibanez.cl\/web\/wp-json\/wp\/v2\/posts"}],"about":[{"href":"https:\/\/www.radiopresidenteibanez.cl\/web\/wp-json\/wp\/v2\/types\/post"}],"author":[{"embeddable":true,"href":"https:\/\/www.radiopresidenteibanez.cl\/web\/wp-json\/wp\/v2\/users\/2"}],"replies":[{"embeddable":true,"href":"https:\/\/www.radiopresidenteibanez.cl\/web\/wp-json\/wp\/v2\/comments?post=10076"}],"version-history":[{"count":0,"href":"https:\/\/www.radiopresidenteibanez.cl\/web\/wp-json\/wp\/v2\/posts\/10076\/revisions"}],"wp:featuredmedia":[{"embeddable":true,"href":"https:\/\/www.radiopresidenteibanez.cl\/web\/wp-json\/wp\/v2\/media\/5663"}],"wp:attachment":[{"href":"https:\/\/www.radiopresidenteibanez.cl\/web\/wp-json\/wp\/v2\/media?parent=10076"}],"wp:term":[{"taxonomy":"category","embeddable":true,"href":"https:\/\/www.radiopresidenteibanez.cl\/web\/wp-json\/wp\/v2\/categories?post=10076"},{"taxonomy":"post_tag","embeddable":true,"href":"https:\/\/www.radiopresidenteibanez.cl\/web\/wp-json\/wp\/v2\/tags?post=10076"}],"curies":[{"name":"wp","href":"https:\/\/api.w.org\/{rel}","templated":true}]}}