{"id":10072,"date":"2020-03-05T13:52:28","date_gmt":"2020-03-05T13:52:28","guid":{"rendered":"https:\/\/www.radiopresidenteibanez.cl\/web\/?p=10072"},"modified":"2020-03-05T13:52:31","modified_gmt":"2020-03-05T13:52:31","slug":"presidente-de-la-comision-de-dd-hh-y-senador-alejandro-navarro-llego-hasta-punta-arenas-para-interponer-una-querella-por-destruccion-de-simbolos-de-los-derechos-humanos","status":"publish","type":"post","link":"https:\/\/www.radiopresidenteibanez.cl\/web\/presidente-de-la-comision-de-dd-hh-y-senador-alejandro-navarro-llego-hasta-punta-arenas-para-interponer-una-querella-por-destruccion-de-simbolos-de-los-derechos-humanos\/","title":{"rendered":"PRESIDENTE DE LA COMISI\u00d3N DE DD.HH Y SENADOR ALEJANDRO NAVARRO LLEG\u00d3 HASTA PUNTA ARENAS PARA INTERPONER UNA QUERELLA POR DESTRUCCI\u00d3N DE S\u00cdMBOLOS DE LOS DERECHOS HUMANOS"},"content":{"rendered":"","protected":false},"excerpt":{"rendered":"","protected":false},"author":2,"featured_media":10073,"comment_status":"closed","ping_status":"closed","sticky":false,"template":"","format":"standard","meta":{"footnotes":""},"categories":[1],"tags":[],"class_list":["post-10072","post","type-post","status-publish","format-standard","has-post-thumbnail","hentry","category-cronica"],"_links":{"self":[{"href":"https:\/\/www.radiopresidenteibanez.cl\/web\/wp-json\/wp\/v2\/posts\/10072","targetHints":{"allow":["GET"]}}],"collection":[{"href":"https:\/\/www.radiopresidenteibanez.cl\/web\/wp-json\/wp\/v2\/posts"}],"about":[{"href":"https:\/\/www.radiopresidenteibanez.cl\/web\/wp-json\/wp\/v2\/types\/post"}],"author":[{"embeddable":true,"href":"https:\/\/www.radiopresidenteibanez.cl\/web\/wp-json\/wp\/v2\/users\/2"}],"replies":[{"embeddable":true,"href":"https:\/\/www.radiopresidenteibanez.cl\/web\/wp-json\/wp\/v2\/comments?post=10072"}],"version-history":[{"count":0,"href":"https:\/\/www.radiopresidenteibanez.cl\/web\/wp-json\/wp\/v2\/posts\/10072\/revisions"}],"wp:featuredmedia":[{"embeddable":true,"href":"https:\/\/www.radiopresidenteibanez.cl\/web\/wp-json\/wp\/v2\/media\/10073"}],"wp:attachment":[{"href":"https:\/\/www.radiopresidenteibanez.cl\/web\/wp-json\/wp\/v2\/media?parent=10072"}],"wp:term":[{"taxonomy":"category","embeddable":true,"href":"https:\/\/www.radiopresidenteibanez.cl\/web\/wp-json\/wp\/v2\/categories?post=10072"},{"taxonomy":"post_tag","embeddable":true,"href":"https:\/\/www.radiopresidenteibanez.cl\/web\/wp-json\/wp\/v2\/tags?post=10072"}],"curies":[{"name":"wp","href":"https:\/\/api.w.org\/{rel}","templated":true}]}}