{"id":10069,"date":"2020-03-05T13:44:40","date_gmt":"2020-03-05T13:44:40","guid":{"rendered":"https:\/\/www.radiopresidenteibanez.cl\/web\/?p=10069"},"modified":"2020-03-05T13:44:45","modified_gmt":"2020-03-05T13:44:45","slug":"puerto-natales-paciente-con-sospecha-de-coronavirus-dio-positivo-en-influenza","status":"publish","type":"post","link":"https:\/\/www.radiopresidenteibanez.cl\/web\/puerto-natales-paciente-con-sospecha-de-coronavirus-dio-positivo-en-influenza\/","title":{"rendered":"PUERTO NATALES: PACIENTE CON SOSPECHA DE CORONAVIRUS DIO POSITIVO EN INFLUENZA"},"content":{"rendered":"\n<p>Un adulto mayor que hace algunos d\u00edas viajar\u00e1 a Italia,\nlleg\u00f3 hasta las dependencias del Hospital Cl\u00ednico de Magallanes con s\u00edntomas que\npod\u00edan aludir al Covid-19, el afectado oriundo de Puerto Natales, no dio\npositivo al examen del Coronavirus, pero si a la influenza.<\/p>\n\n\n\n<p>El hombre se encuentra recuper\u00e1ndose y sigue siendo evaluado\npor las autoridades de salud.<\/p>\n","protected":false},"excerpt":{"rendered":"<p>Un adulto mayor que hace algunos d\u00edas viajar\u00e1 a Italia, lleg\u00f3 hasta las dependencias del Hospital Cl\u00ednico de Magallanes con s\u00edntomas que pod\u00edan aludir al Covid-19, el afectado oriundo de&#8230; <a class=\"read-more\" href=\"https:\/\/www.radiopresidenteibanez.cl\/web\/puerto-natales-paciente-con-sospecha-de-coronavirus-dio-positivo-en-influenza\/\">Leer m\u00e1s<\/a><\/p>\n","protected":false},"author":2,"featured_media":10070,"comment_status":"closed","ping_status":"closed","sticky":false,"template":"","format":"standard","meta":{"footnotes":""},"categories":[1],"tags":[],"class_list":["post-10069","post","type-post","status-publish","format-standard","has-post-thumbnail","hentry","category-cronica"],"_links":{"self":[{"href":"https:\/\/www.radiopresidenteibanez.cl\/web\/wp-json\/wp\/v2\/posts\/10069","targetHints":{"allow":["GET"]}}],"collection":[{"href":"https:\/\/www.radiopresidenteibanez.cl\/web\/wp-json\/wp\/v2\/posts"}],"about":[{"href":"https:\/\/www.radiopresidenteibanez.cl\/web\/wp-json\/wp\/v2\/types\/post"}],"author":[{"embeddable":true,"href":"https:\/\/www.radiopresidenteibanez.cl\/web\/wp-json\/wp\/v2\/users\/2"}],"replies":[{"embeddable":true,"href":"https:\/\/www.radiopresidenteibanez.cl\/web\/wp-json\/wp\/v2\/comments?post=10069"}],"version-history":[{"count":0,"href":"https:\/\/www.radiopresidenteibanez.cl\/web\/wp-json\/wp\/v2\/posts\/10069\/revisions"}],"wp:featuredmedia":[{"embeddable":true,"href":"https:\/\/www.radiopresidenteibanez.cl\/web\/wp-json\/wp\/v2\/media\/10070"}],"wp:attachment":[{"href":"https:\/\/www.radiopresidenteibanez.cl\/web\/wp-json\/wp\/v2\/media?parent=10069"}],"wp:term":[{"taxonomy":"category","embeddable":true,"href":"https:\/\/www.radiopresidenteibanez.cl\/web\/wp-json\/wp\/v2\/categories?post=10069"},{"taxonomy":"post_tag","embeddable":true,"href":"https:\/\/www.radiopresidenteibanez.cl\/web\/wp-json\/wp\/v2\/tags?post=10069"}],"curies":[{"name":"wp","href":"https:\/\/api.w.org\/{rel}","templated":true}]}}