{"id":10064,"date":"2020-03-05T13:34:31","date_gmt":"2020-03-05T13:34:31","guid":{"rendered":"https:\/\/www.radiopresidenteibanez.cl\/web\/?p=10064"},"modified":"2020-03-05T13:34:35","modified_gmt":"2020-03-05T13:34:35","slug":"gobernador-provincial-de-magallanes-se-reune-con-servicios-contralores-chilenos-de-paso-fronterizo-monte-aymond","status":"publish","type":"post","link":"https:\/\/www.radiopresidenteibanez.cl\/web\/gobernador-provincial-de-magallanes-se-reune-con-servicios-contralores-chilenos-de-paso-fronterizo-monte-aymond\/","title":{"rendered":"GOBERNADOR PROVINCIAL DE MAGALLANES SE RE\u00daNE CON SERVICIOS CONTRALORES CHILENOS DE PASO FRONTERIZO MONTE AYMOND"},"content":{"rendered":"\n<p>La gobernaci\u00f3n provincial de\nMagallanes tiene bajo su cargo la administraci\u00f3n y coordinaci\u00f3n del complejo\nfronterizo Integraci\u00f3n Austral, en Monte Aymond y es en ese sentido que el\ngobernador Homero Villegas N\u00fa\u00f1ez se reuni\u00f3 con representantes de los diferentes\nservicios que laboran en el lugar durante todo el a\u00f1o vinculados al movimiento\nterrestre de personas, mercanc\u00edas y veh\u00edculos, participando Polic\u00eda de\nInvestigaciones de Chile (Control Migratorio), Servicio Nacional de Aduanas\n(Control Aduanero), Servicio Agr\u00edcola y Ganadero (Control Fitozoosanitario),\nCarabineros de Chile (Resguardo del Orden y Seguridad en Frontera, Coordinador\ndel Complejo Fronterizo y funcionarios de la gobernaci\u00f3n.<\/p>\n\n\n\n<p>Como en los Complejos\nFronterizos de Chile se controlan los flujos de personas, mercanc\u00edas y\nveh\u00edculos que ingresan y salen del pa\u00eds, en esta oportunidad se trat\u00f3 con\nespecial \u00e9nfasis el tema del \u201ccorona virus\u201d, que est\u00e1 afectando a varios pa\u00edses\ny a las precauciones y controles que se deben realizar para evitar contagios a\nla poblaci\u00f3n.<\/p>\n\n\n\n<p>Al respecto, el gobernador\nprovincial expres\u00f3 que \u201cLa comunidad tiene que estar tranquila ante esta alerta\nde salud, porque el gobierno en forma coordinada est\u00e1 tomando las precauciones\nque el caso requiere y prestando especial atenci\u00f3n a todos los pasajeros. La\nsemana pasada los funcionarios recibieron una capacitaci\u00f3n entregada por la\nSeremi de Salud, referente al COVID19 o nuevo coronavirus, reforzando los\nprotocolosy algunos aspectos\nrelacionados con las caracter\u00edsticas del virus, el modo de trasmisi\u00f3n y las\nmedidas de prevenci\u00f3n que se requieren. Los funcionarios est\u00e1n en conocimiento\nde c\u00f3mo aplicar los protocolos si es que detectaran un posible caso sospechoso\u201d<\/p>\n\n\n\n<p>Asimismo se revisaron datos\ngenerales y estad\u00edsticos, y cada repartici\u00f3n dio cuenta de la habitabilidad de\nlas viviendas que han sido reparadas y en este momento se encuentran en\ncondiciones \u00f3ptimas de seguridad para los funcionarios que cumplen turnos en el\nComplejo y tienen que pernoctar en el lugar.<\/p>\n\n\n\n<p>Finalmente el horario de invierno\ncomienza regir el 1 de abril, prolong\u00e1ndose hasta el 31 de octubre, de 08:00 a\n22:00hrs. <\/p>\n","protected":false},"excerpt":{"rendered":"<p>La gobernaci\u00f3n provincial de Magallanes tiene bajo su cargo la administraci\u00f3n y coordinaci\u00f3n del complejo fronterizo Integraci\u00f3n Austral, en Monte Aymond y es en ese sentido que el gobernador Homero&#8230; <a class=\"read-more\" href=\"https:\/\/www.radiopresidenteibanez.cl\/web\/gobernador-provincial-de-magallanes-se-reune-con-servicios-contralores-chilenos-de-paso-fronterizo-monte-aymond\/\">Leer m\u00e1s<\/a><\/p>\n","protected":false},"author":2,"featured_media":10065,"comment_status":"closed","ping_status":"closed","sticky":false,"template":"","format":"standard","meta":{"footnotes":""},"categories":[1],"tags":[],"class_list":["post-10064","post","type-post","status-publish","format-standard","has-post-thumbnail","hentry","category-cronica"],"_links":{"self":[{"href":"https:\/\/www.radiopresidenteibanez.cl\/web\/wp-json\/wp\/v2\/posts\/10064","targetHints":{"allow":["GET"]}}],"collection":[{"href":"https:\/\/www.radiopresidenteibanez.cl\/web\/wp-json\/wp\/v2\/posts"}],"about":[{"href":"https:\/\/www.radiopresidenteibanez.cl\/web\/wp-json\/wp\/v2\/types\/post"}],"author":[{"embeddable":true,"href":"https:\/\/www.radiopresidenteibanez.cl\/web\/wp-json\/wp\/v2\/users\/2"}],"replies":[{"embeddable":true,"href":"https:\/\/www.radiopresidenteibanez.cl\/web\/wp-json\/wp\/v2\/comments?post=10064"}],"version-history":[{"count":0,"href":"https:\/\/www.radiopresidenteibanez.cl\/web\/wp-json\/wp\/v2\/posts\/10064\/revisions"}],"wp:featuredmedia":[{"embeddable":true,"href":"https:\/\/www.radiopresidenteibanez.cl\/web\/wp-json\/wp\/v2\/media\/10065"}],"wp:attachment":[{"href":"https:\/\/www.radiopresidenteibanez.cl\/web\/wp-json\/wp\/v2\/media?parent=10064"}],"wp:term":[{"taxonomy":"category","embeddable":true,"href":"https:\/\/www.radiopresidenteibanez.cl\/web\/wp-json\/wp\/v2\/categories?post=10064"},{"taxonomy":"post_tag","embeddable":true,"href":"https:\/\/www.radiopresidenteibanez.cl\/web\/wp-json\/wp\/v2\/tags?post=10064"}],"curies":[{"name":"wp","href":"https:\/\/api.w.org\/{rel}","templated":true}]}}