{"id":1006,"date":"2019-02-03T14:25:19","date_gmt":"2019-02-03T14:25:19","guid":{"rendered":"http:\/\/www.radiopresidenteibanez.cl\/web\/?p=1006"},"modified":"2019-02-03T14:25:22","modified_gmt":"2019-02-03T14:25:22","slug":"declaracion-publica-ante-la-tarificacion-del-gas","status":"publish","type":"post","link":"https:\/\/www.radiopresidenteibanez.cl\/web\/declaracion-publica-ante-la-tarificacion-del-gas\/","title":{"rendered":"DECLARACI\u00d3N P\u00daBLICA ANTE LA TARIFICACI\u00d3N DEL GAS"},"content":{"rendered":"\n<p>Respecto del informe de tarifaci\u00f3n de distribuci\u00f3n del gas de la Regi\u00f3n de Magallanesy la Ant\u00e1rtica Chilena, es necesario se\u00f1alar lo siguiente:<\/p>\n\n\n\n<p>La tarificaci\u00f3n que se encuentra actualmente en curso corresponde a la componente que remunera la de distribuci\u00f3n de gas. Esto representa aproximadamente un tercio de la tarifa final.<\/p>\n\n\n\n<p>El proceso de fijaci\u00f3n tarifaria ha sido efectuado de manera transparente y participativa, y acorde a la ley N\u00b020.999aprobada en el a\u00f1o 2017. Dicha legislaci\u00f3n establece que las tarifas ser\u00e1n fijar\u00e1n cada cuatro a\u00f1os por la Comisi\u00f3n Nacional de Energ\u00eda, y que en este primer per\u00edodo tarifario la duraci\u00f3n ser\u00e1 de 5 a\u00f1os.<\/p>\n\n\n\n<p>La CNE, para dar inicio al proceso de tarificaci\u00f3n, efectu\u00f3 un llamado&nbsp; p\u00fablico mediante avisos en peri\u00f3dicos nacionales y regionales de Magallanes para constituir el Comit\u00e9 de Participaci\u00f3n Ciudadana al que hace referencia la Ley de Servicios de Gas, cuyos miembros tienen acceso a los antecedentes y resultados del Estudio de Costos y tambi\u00e9n pueden efectuar observaciones al posterior Informe T\u00e9cnico emitido por la CNE.<\/p>\n\n\n\n<p>De los 14 inscritos en el registro participativo, 10 corresponden a personas naturales y el resto a organismos gremiales.<\/p>\n\n\n\n<p>Se efectu\u00f3 una audiencia p\u00fablica en Punta Arenas el 15 de noviembre de 2018, donde el consultor expuso la metodolog\u00eda utilizada y los resultados obtenidos.<\/p>\n\n\n\n<p>Desde hace un mes se encuentra publicado en la p\u00e1gina web de la CNE (<a href=\"https:\/\/urldefense.proofpoint.com\/v2\/url?u=http-3A__www.cne.cl&amp;d=DwMGaQ&amp;c=Qvu8eBVhfTOjjkZtl-XPrBXLSzvqQdkUOVVzVcPA_04&amp;r=imrlfkbYK5tA7Tcndo5zbfkaX8awsvEsx_8zpWtEs_o&amp;m=cYZoCq3Jg0DaOPK_cx1bOxMhwv7c29yRsifmtv7gTBY&amp;s=5PguQxTNJd3bJ2EMa2saEpl4raaT5VdOZAagW4jz0g4&amp;e=\" target=\"_blank\" rel=\"noreferrer noopener\">www.cne.cl<\/a>) el informe preliminar basado en este Estudio de Costos. Seg\u00fanlos plazos estimados, se espera que en mayo pr\u00f3ximo est\u00e9 finalizado el informe definitivo, que podr\u00e1 ser conocido por el Panel de Expertos en caso de presentarse discrepancias. El paso siguiente y final es fijar la tarificaci\u00f3n del gas, lo que estimamos podr\u00edaocurrir a partir de junio.&nbsp;<\/p>\n\n\n\n<p>Finalmente, y tal como se puede observar a partir del an\u00e1lisis del se\u00f1alado informe, que es de car\u00e1cter p\u00fablico, con&nbsp;los antecedentes preliminares con que se cuenta no es posible concluir un impacto en esta componente de la tarifa, m\u00e1s a\u00fan teniendo a la vista las instancias que a\u00fan restan para su determinaci\u00f3n.<\/p>\n","protected":false},"excerpt":{"rendered":"<p>Respecto del informe de tarifaci\u00f3n de distribuci\u00f3n del gas de la Regi\u00f3n de Magallanesy la Ant\u00e1rtica Chilena, es necesario se\u00f1alar lo siguiente: La tarificaci\u00f3n que se encuentra actualmente en curso&#8230; <a class=\"read-more\" href=\"https:\/\/www.radiopresidenteibanez.cl\/web\/declaracion-publica-ante-la-tarificacion-del-gas\/\">Leer m\u00e1s<\/a><\/p>\n","protected":false},"author":2,"featured_media":1007,"comment_status":"closed","ping_status":"closed","sticky":false,"template":"","format":"standard","meta":{"footnotes":""},"categories":[1],"tags":[],"class_list":["post-1006","post","type-post","status-publish","format-standard","has-post-thumbnail","hentry","category-cronica"],"_links":{"self":[{"href":"https:\/\/www.radiopresidenteibanez.cl\/web\/wp-json\/wp\/v2\/posts\/1006","targetHints":{"allow":["GET"]}}],"collection":[{"href":"https:\/\/www.radiopresidenteibanez.cl\/web\/wp-json\/wp\/v2\/posts"}],"about":[{"href":"https:\/\/www.radiopresidenteibanez.cl\/web\/wp-json\/wp\/v2\/types\/post"}],"author":[{"embeddable":true,"href":"https:\/\/www.radiopresidenteibanez.cl\/web\/wp-json\/wp\/v2\/users\/2"}],"replies":[{"embeddable":true,"href":"https:\/\/www.radiopresidenteibanez.cl\/web\/wp-json\/wp\/v2\/comments?post=1006"}],"version-history":[{"count":0,"href":"https:\/\/www.radiopresidenteibanez.cl\/web\/wp-json\/wp\/v2\/posts\/1006\/revisions"}],"wp:featuredmedia":[{"embeddable":true,"href":"https:\/\/www.radiopresidenteibanez.cl\/web\/wp-json\/wp\/v2\/media\/1007"}],"wp:attachment":[{"href":"https:\/\/www.radiopresidenteibanez.cl\/web\/wp-json\/wp\/v2\/media?parent=1006"}],"wp:term":[{"taxonomy":"category","embeddable":true,"href":"https:\/\/www.radiopresidenteibanez.cl\/web\/wp-json\/wp\/v2\/categories?post=1006"},{"taxonomy":"post_tag","embeddable":true,"href":"https:\/\/www.radiopresidenteibanez.cl\/web\/wp-json\/wp\/v2\/tags?post=1006"}],"curies":[{"name":"wp","href":"https:\/\/api.w.org\/{rel}","templated":true}]}}