{"id":10056,"date":"2020-03-05T01:58:27","date_gmt":"2020-03-05T01:58:27","guid":{"rendered":"https:\/\/www.radiopresidenteibanez.cl\/web\/?p=10056"},"modified":"2020-03-05T01:58:32","modified_gmt":"2020-03-05T01:58:32","slug":"a-541-dias-de-presidio-remitido-fue-condenado-sujeto-que-choco-auto-estacionado-mientras-manejaba-ebrio","status":"publish","type":"post","link":"https:\/\/www.radiopresidenteibanez.cl\/web\/a-541-dias-de-presidio-remitido-fue-condenado-sujeto-que-choco-auto-estacionado-mientras-manejaba-ebrio\/","title":{"rendered":"A 541 D\u00cdAS DE PRESIDIO REMITIDO FUE CONDENADO SUJETO QUE CHOC\u00d3 AUTO ESTACIONADO MIENTRAS MANEJABA EBRIO"},"content":{"rendered":"\n<p>Como autor del delito consumado de manejo en estado de ebriedad, sin haber obtenido licencia de conducir y da\u00f1os, hoy, fue condenado Onofre Uribe Miranda a las penas de \u00a0541 d\u00edas de\u00a0 presidio remitido, multa de dos Unidades Tributarias Mensuales, suspensi\u00f3n de su licencia para conducir por dos a\u00f1os y de cargo u oficio p\u00fablico durante el tiempo de la condena. <\/p>\n\n\n\n<p>Durante el juicio se ventil\u00f3 que el delito fue cometido el d\u00eda 23 de febrero del a\u00f1o pasado, a las 10.15 horas aproximadamente, en circunstancias que el acusado conduc\u00eda ebrio y sin licencia un veh\u00edculo, marca Hyundai, modelo Santa Fe, y que al llegar a la altura de calle Err\u00e1zuriz N\u00b0 599 de Punta Arenas, colision\u00f3 en la parte posterior a otro m\u00f3vil, marca Mazda, modelo New BT, que se encontraba estacionado, caus\u00e1ndole da\u00f1os de diversa consideraci\u00f3n en su estructura. Asimismo, el persecutor, fiscal Sebasti\u00e1n Gonzalez, indic\u00f3 que el examen de alcoholemia practicado arroj\u00f3 como resultado 1.68 gramos por mil de alcohol en la sangre <\/p>\n","protected":false},"excerpt":{"rendered":"<p>Como autor del delito consumado de manejo en estado de ebriedad, sin haber obtenido licencia de conducir y da\u00f1os, hoy, fue condenado Onofre Uribe Miranda a las penas de \u00a0541&#8230; <a class=\"read-more\" href=\"https:\/\/www.radiopresidenteibanez.cl\/web\/a-541-dias-de-presidio-remitido-fue-condenado-sujeto-que-choco-auto-estacionado-mientras-manejaba-ebrio\/\">Leer m\u00e1s<\/a><\/p>\n","protected":false},"author":2,"featured_media":740,"comment_status":"closed","ping_status":"closed","sticky":false,"template":"","format":"standard","meta":{"footnotes":""},"categories":[6],"tags":[],"class_list":["post-10056","post","type-post","status-publish","format-standard","has-post-thumbnail","hentry","category-policial"],"_links":{"self":[{"href":"https:\/\/www.radiopresidenteibanez.cl\/web\/wp-json\/wp\/v2\/posts\/10056","targetHints":{"allow":["GET"]}}],"collection":[{"href":"https:\/\/www.radiopresidenteibanez.cl\/web\/wp-json\/wp\/v2\/posts"}],"about":[{"href":"https:\/\/www.radiopresidenteibanez.cl\/web\/wp-json\/wp\/v2\/types\/post"}],"author":[{"embeddable":true,"href":"https:\/\/www.radiopresidenteibanez.cl\/web\/wp-json\/wp\/v2\/users\/2"}],"replies":[{"embeddable":true,"href":"https:\/\/www.radiopresidenteibanez.cl\/web\/wp-json\/wp\/v2\/comments?post=10056"}],"version-history":[{"count":0,"href":"https:\/\/www.radiopresidenteibanez.cl\/web\/wp-json\/wp\/v2\/posts\/10056\/revisions"}],"wp:featuredmedia":[{"embeddable":true,"href":"https:\/\/www.radiopresidenteibanez.cl\/web\/wp-json\/wp\/v2\/media\/740"}],"wp:attachment":[{"href":"https:\/\/www.radiopresidenteibanez.cl\/web\/wp-json\/wp\/v2\/media?parent=10056"}],"wp:term":[{"taxonomy":"category","embeddable":true,"href":"https:\/\/www.radiopresidenteibanez.cl\/web\/wp-json\/wp\/v2\/categories?post=10056"},{"taxonomy":"post_tag","embeddable":true,"href":"https:\/\/www.radiopresidenteibanez.cl\/web\/wp-json\/wp\/v2\/tags?post=10056"}],"curies":[{"name":"wp","href":"https:\/\/api.w.org\/{rel}","templated":true}]}}