{"id":10051,"date":"2020-03-05T01:54:20","date_gmt":"2020-03-05T01:54:20","guid":{"rendered":"https:\/\/www.radiopresidenteibanez.cl\/web\/?p=10051"},"modified":"2020-03-05T01:54:25","modified_gmt":"2020-03-05T01:54:25","slug":"presiento-el-debut-musical-de-los-necesarios","status":"publish","type":"post","link":"https:\/\/www.radiopresidenteibanez.cl\/web\/presiento-el-debut-musical-de-los-necesarios\/","title":{"rendered":"\u201cPRESIENTO\u201d: EL DEBUT MUSICAL DE LOS NECESARIOS"},"content":{"rendered":"\n<p>Con s\u00f3lo meses en\nla industria musical, Los Necesarios ya est\u00e1n a pocos pasos de lo que ser\u00e1 su\nprimera producci\u00f3n discogr\u00e1fica. El Grupo, est\u00e1 integrado por Adolfo Villal\u00f3n\nen la voz principal, Miguel \u00c1ngel de la Rosa Ib\u00e1\u00f1ez en la bater\u00eda, por Felipe Huenulaf Barrera en el bajo,\nEsteban Villal\u00f3n Sandoval en la guitarra, y por Carlos Ch\u00e1vez Le\u00f3n oriundo de\nla ciudad de Concepci\u00f3n, en la guitarra y los coros.<\/p>\n\n\n\n<p>Hoy presentan su sencillo\npromocional \u201cPresiento\u201d. Un trabajo que cuenta con influencias musicales del\nRock Pop, provenientes de populares bandas brit\u00e1nicas como The Beatles, The\nSmiths y The Rolling Stones,\ny que tambi\u00e9n se inspira en estilos nacionales derivados de grupos como: Los\nTres, Los Bunkers, e incluso, Violeta Parra.<\/p>\n\n\n\n<p>Ellos cinco son\nlos encargados de dar vida a un Rock Pop con latidos de un coraz\u00f3n penquista,\ninspirado en gran parte por la cultura musical de la zona sur de nuestro pa\u00eds. El\nestallido social iniciado en octubre de 2019 el detonador final que impuls\u00f3 la\nmaterializaci\u00f3n de un sue\u00f1o com\u00fan y antiguo para estos chilenos: la oportunidad\nde compartir canciones que surgen de vivencias y crecimientos personales y\ncrisis de la vida cotidiana que han culminado en maduraci\u00f3n espiritual. As\u00ed el\n\u201cdespertar\u201d nacional result\u00f3 en un despertar espiritual para \u201cLos Necesarios\u201d. <\/p>\n\n\n\n<p>\u201cPresiento\u201d, el disco que Los Necesarios describen como un \u201cviaje musical\u201d, muestra en la portada de su \u00e1lbum al planeta Saturno, el rey de los anillos. Su simbolismo var\u00eda seg\u00fan distintas culturas, siendo la sabidur\u00eda su mayor atributo. Inspirados en el significado espiritual de la figura de Saturno, la banda tiene como misi\u00f3n compartir con la gente todo lo que han aprendido a lo largo de la vida. El proyecto musical surgi\u00f3 a fines de 2019, cuando Adolfo Villal\u00f3n Sandoval, compositor y voz principal de la banda, se encontr\u00f3 con la necesidad creativa de plasmar sus propias vivencias a trav\u00e9s de melod\u00edas llamativas que le permitieran contar su historia. Para eso decidi\u00f3 basarse en el sonido del rock puro y mel\u00f3dico mezclado con el ritmo pegajoso del pop actual. De esta manera, la banda crea un ambiente musical \u00fanico que invita al p\u00fablico a sentirse parte de una fusi\u00f3n de sonidos y de una experiencia inigualable. El primer sencillo se puede encontrar ahora en su p\u00e1gina oficial <a href=\"http:\/\/www.losnecesarios.com\">www.losnecesarios.com<\/a> , en su plataforma de Soundcloud y \u00a0se estrenar\u00e1 el 6 de Marzo por Spotify. Adem\u00e1s, se realizar\u00e1 un Sunset Terraza ese d\u00eda en AV.Apoquindo 4100 , Las Condes, Junto con una transmisi\u00f3n simult\u00e1nea v\u00eda RRSS.  <\/p>\n\n\n\n<figure class=\"wp-block-audio\"><audio controls src=\"https:\/\/www.radiopresidenteibanez.cl\/web\/wp-content\/uploads\/2020\/03\/01-Los-Necesarios-Presiento-Versi\u00f3n-editada-para-radio.mp3\"><\/audio><\/figure>\n","protected":false},"excerpt":{"rendered":"<p>Con s\u00f3lo meses en la industria musical, Los Necesarios ya est\u00e1n a pocos pasos de lo que ser\u00e1 su primera producci\u00f3n discogr\u00e1fica. El Grupo, est\u00e1 integrado por Adolfo Villal\u00f3n en&#8230; <a class=\"read-more\" href=\"https:\/\/www.radiopresidenteibanez.cl\/web\/presiento-el-debut-musical-de-los-necesarios\/\">Leer m\u00e1s<\/a><\/p>\n","protected":false},"author":2,"featured_media":10052,"comment_status":"closed","ping_status":"closed","sticky":false,"template":"","format":"standard","meta":{"footnotes":""},"categories":[4],"tags":[],"class_list":["post-10051","post","type-post","status-publish","format-standard","has-post-thumbnail","hentry","category-entretenimiento-y-cultura"],"_links":{"self":[{"href":"https:\/\/www.radiopresidenteibanez.cl\/web\/wp-json\/wp\/v2\/posts\/10051","targetHints":{"allow":["GET"]}}],"collection":[{"href":"https:\/\/www.radiopresidenteibanez.cl\/web\/wp-json\/wp\/v2\/posts"}],"about":[{"href":"https:\/\/www.radiopresidenteibanez.cl\/web\/wp-json\/wp\/v2\/types\/post"}],"author":[{"embeddable":true,"href":"https:\/\/www.radiopresidenteibanez.cl\/web\/wp-json\/wp\/v2\/users\/2"}],"replies":[{"embeddable":true,"href":"https:\/\/www.radiopresidenteibanez.cl\/web\/wp-json\/wp\/v2\/comments?post=10051"}],"version-history":[{"count":0,"href":"https:\/\/www.radiopresidenteibanez.cl\/web\/wp-json\/wp\/v2\/posts\/10051\/revisions"}],"wp:featuredmedia":[{"embeddable":true,"href":"https:\/\/www.radiopresidenteibanez.cl\/web\/wp-json\/wp\/v2\/media\/10052"}],"wp:attachment":[{"href":"https:\/\/www.radiopresidenteibanez.cl\/web\/wp-json\/wp\/v2\/media?parent=10051"}],"wp:term":[{"taxonomy":"category","embeddable":true,"href":"https:\/\/www.radiopresidenteibanez.cl\/web\/wp-json\/wp\/v2\/categories?post=10051"},{"taxonomy":"post_tag","embeddable":true,"href":"https:\/\/www.radiopresidenteibanez.cl\/web\/wp-json\/wp\/v2\/tags?post=10051"}],"curies":[{"name":"wp","href":"https:\/\/api.w.org\/{rel}","templated":true}]}}