{"id":10048,"date":"2020-03-05T01:41:29","date_gmt":"2020-03-05T01:41:29","guid":{"rendered":"https:\/\/www.radiopresidenteibanez.cl\/web\/?p=10048"},"modified":"2020-03-05T01:41:33","modified_gmt":"2020-03-05T01:41:33","slug":"academia-christian-vila-abren-inscripciones-para-que-ninos-y-adultos-aprendan-musica","status":"publish","type":"post","link":"https:\/\/www.radiopresidenteibanez.cl\/web\/academia-christian-vila-abren-inscripciones-para-que-ninos-y-adultos-aprendan-musica\/","title":{"rendered":"ACADEMIA CHRISTIAN VILA: ABREN INSCRIPCIONES PARA QUE NI\u00d1OS Y ADULTOS APRENDAN M\u00daSICA"},"content":{"rendered":"\n<p>La academia del profesor, Christian Vila Teichelmann, tiene abiertas sus matr\u00edculas para el a\u00f1o 2020. La academia imparte clases de instrumentos como guitarra, piano, canto y viol\u00edn, as\u00ed como tambi\u00e9n un taller experimental de m\u00fasica para ni\u00f1os de 3 a 5 a\u00f1os.<\/p>\n\n\n\n<p>La academia es un centro de formaci\u00f3n musical de excelencia con una metodolog\u00eda innovadora y l\u00fadica, donde ni\u00f1os, j\u00f3venes y adultos tienen la posibilidad de despertar y desarrollar sus talentos art\u00edsticos musicales.<\/p>\n\n\n\n<p>En tanto, en el taller experimental los ni\u00f1os disfrutan de una experiencia musical amplia que implica acercamiento a instrumentos musicales, expresi\u00f3n corporal, canto, educaci\u00f3n r\u00edtmica, desarrollo auditivo, entre las m\u00e1s importantes. Despu\u00e9s que viven este taller, son capaces de elegir alg\u00fan instrumento para poder seguir avanzando al cumplir la edad adecuada para optar (5 a\u00f1os en adelante).<\/p>\n\n\n\n<p>El taller experimental se realiza los d\u00edas viernes de 15:00 a 16:00 y los distintos horarios para las clases de instrumentos se organizan directamente al matricular.<\/p>\n\n\n\n<p>Existe la modalidad de clases individuales y grupales. Al final de cada a\u00f1o se realiza una muestra, donde los alumnos muestran sus avances a la comunidad en general. Para conocer valores y opci\u00f3n de horarios para matricular comunicarse por los siguientes medios:<\/p>\n\n\n\n<p>Tel\u00e9fono +56977654262<br>\nFacebook: Academia Christian Vila Teichelmann<br>\nInstagram: academiachristianvila<strong><\/strong><\/p>\n","protected":false},"excerpt":{"rendered":"<p>La academia del profesor, Christian Vila Teichelmann, tiene abiertas sus matr\u00edculas para el a\u00f1o 2020. La academia imparte clases de instrumentos como guitarra, piano, canto y viol\u00edn, as\u00ed como tambi\u00e9n&#8230; <a class=\"read-more\" href=\"https:\/\/www.radiopresidenteibanez.cl\/web\/academia-christian-vila-abren-inscripciones-para-que-ninos-y-adultos-aprendan-musica\/\">Leer m\u00e1s<\/a><\/p>\n","protected":false},"author":2,"featured_media":10049,"comment_status":"closed","ping_status":"closed","sticky":false,"template":"","format":"standard","meta":{"footnotes":""},"categories":[1],"tags":[],"class_list":["post-10048","post","type-post","status-publish","format-standard","has-post-thumbnail","hentry","category-cronica"],"_links":{"self":[{"href":"https:\/\/www.radiopresidenteibanez.cl\/web\/wp-json\/wp\/v2\/posts\/10048","targetHints":{"allow":["GET"]}}],"collection":[{"href":"https:\/\/www.radiopresidenteibanez.cl\/web\/wp-json\/wp\/v2\/posts"}],"about":[{"href":"https:\/\/www.radiopresidenteibanez.cl\/web\/wp-json\/wp\/v2\/types\/post"}],"author":[{"embeddable":true,"href":"https:\/\/www.radiopresidenteibanez.cl\/web\/wp-json\/wp\/v2\/users\/2"}],"replies":[{"embeddable":true,"href":"https:\/\/www.radiopresidenteibanez.cl\/web\/wp-json\/wp\/v2\/comments?post=10048"}],"version-history":[{"count":0,"href":"https:\/\/www.radiopresidenteibanez.cl\/web\/wp-json\/wp\/v2\/posts\/10048\/revisions"}],"wp:featuredmedia":[{"embeddable":true,"href":"https:\/\/www.radiopresidenteibanez.cl\/web\/wp-json\/wp\/v2\/media\/10049"}],"wp:attachment":[{"href":"https:\/\/www.radiopresidenteibanez.cl\/web\/wp-json\/wp\/v2\/media?parent=10048"}],"wp:term":[{"taxonomy":"category","embeddable":true,"href":"https:\/\/www.radiopresidenteibanez.cl\/web\/wp-json\/wp\/v2\/categories?post=10048"},{"taxonomy":"post_tag","embeddable":true,"href":"https:\/\/www.radiopresidenteibanez.cl\/web\/wp-json\/wp\/v2\/tags?post=10048"}],"curies":[{"name":"wp","href":"https:\/\/api.w.org\/{rel}","templated":true}]}}