{"id":10045,"date":"2020-03-05T01:38:19","date_gmt":"2020-03-05T01:38:19","guid":{"rendered":"https:\/\/www.radiopresidenteibanez.cl\/web\/?p=10045"},"modified":"2020-03-05T01:38:22","modified_gmt":"2020-03-05T01:38:22","slug":"registro-social-de-hogares-se-traslada-a-los-cesfam-de-la-comuna","status":"publish","type":"post","link":"https:\/\/www.radiopresidenteibanez.cl\/web\/registro-social-de-hogares-se-traslada-a-los-cesfam-de-la-comuna\/","title":{"rendered":"REGISTRO SOCIAL DE HOGARES SE TRASLADA A LOS CESFAM DE LA COMUNA"},"content":{"rendered":"\n<p>Si a\u00fan no tienes tu Registro Social de Hogares, te invitamos a que aproveches esta oportunidad para realizar el tr\u00e1mite, acudiendo a los distintos Centros de Salud Familiar de la comuna en los d\u00edas y horas establecidos para ello.<\/p>\n\n\n\n<p>En primera instancia, ser\u00e1 el CESFAM Damianovic el que recibir\u00e1 el Operativo este d\u00eda jueves 5 de marzo desde las 8:30 de la ma\u00f1ana. Para concretar la etapa inicial del Registro, debes llevar la c\u00e9dula de identidad de los integrantes del Grupo Familiar, junto al certificado de residencia o boleta de consumo a nombre del Jefe o Jefa de Hogar actualizado, adem\u00e1s de las tres \u00faltimas liquidaciones de sueldo si corresponde.<\/p>\n\n\n\n<p>De igual forma, si tienes dudas o requieres actualizar la informaci\u00f3n, tambi\u00e9n puedes acudir al Operativo, el cual se mantendr\u00e1 hasta las 17 horas.<\/p>\n\n\n\n<p>El alcalde Claudio Radonich, agreg\u00f3 que \u201cesta es una buena oportunidad para realizar este tr\u00e1mite, porque adem\u00e1s nos permite acercar los servicios municipales a nuestros vecinos, llegando a los distintos sectores y territorios de la comuna, por lo que hemos coordinado estos operativos para llegar de mejor manera a todos los lugares de Punta Arenas\u201d.<\/p>\n\n\n\n<p>El calendario de Operativos es el siguiente: 5 de marzo CESFAM Dr. Juan Damianovic (Zenteno 2850), 10 de marzo CESFAM 18 de septiembre (Mateo de Toro y Zambrano 1893), 13 de marzo CESFAM Thom\u00e1s Fenton (Vicente P\u00e9rez Barr\u00eda 0762) y 16 de marzo en el CESFAM Mateo Bencur (Capit\u00e1n Guillermos 0781).&nbsp;<\/p>\n","protected":false},"excerpt":{"rendered":"<p>Si a\u00fan no tienes tu Registro Social de Hogares, te invitamos a que aproveches esta oportunidad para realizar el tr\u00e1mite, acudiendo a los distintos Centros de Salud Familiar de la&#8230; <a class=\"read-more\" href=\"https:\/\/www.radiopresidenteibanez.cl\/web\/registro-social-de-hogares-se-traslada-a-los-cesfam-de-la-comuna\/\">Leer m\u00e1s<\/a><\/p>\n","protected":false},"author":2,"featured_media":10046,"comment_status":"closed","ping_status":"closed","sticky":false,"template":"","format":"standard","meta":{"footnotes":""},"categories":[1],"tags":[],"class_list":["post-10045","post","type-post","status-publish","format-standard","has-post-thumbnail","hentry","category-cronica"],"_links":{"self":[{"href":"https:\/\/www.radiopresidenteibanez.cl\/web\/wp-json\/wp\/v2\/posts\/10045","targetHints":{"allow":["GET"]}}],"collection":[{"href":"https:\/\/www.radiopresidenteibanez.cl\/web\/wp-json\/wp\/v2\/posts"}],"about":[{"href":"https:\/\/www.radiopresidenteibanez.cl\/web\/wp-json\/wp\/v2\/types\/post"}],"author":[{"embeddable":true,"href":"https:\/\/www.radiopresidenteibanez.cl\/web\/wp-json\/wp\/v2\/users\/2"}],"replies":[{"embeddable":true,"href":"https:\/\/www.radiopresidenteibanez.cl\/web\/wp-json\/wp\/v2\/comments?post=10045"}],"version-history":[{"count":0,"href":"https:\/\/www.radiopresidenteibanez.cl\/web\/wp-json\/wp\/v2\/posts\/10045\/revisions"}],"wp:featuredmedia":[{"embeddable":true,"href":"https:\/\/www.radiopresidenteibanez.cl\/web\/wp-json\/wp\/v2\/media\/10046"}],"wp:attachment":[{"href":"https:\/\/www.radiopresidenteibanez.cl\/web\/wp-json\/wp\/v2\/media?parent=10045"}],"wp:term":[{"taxonomy":"category","embeddable":true,"href":"https:\/\/www.radiopresidenteibanez.cl\/web\/wp-json\/wp\/v2\/categories?post=10045"},{"taxonomy":"post_tag","embeddable":true,"href":"https:\/\/www.radiopresidenteibanez.cl\/web\/wp-json\/wp\/v2\/tags?post=10045"}],"curies":[{"name":"wp","href":"https:\/\/api.w.org\/{rel}","templated":true}]}}