{"id":10042,"date":"2020-03-05T01:34:14","date_gmt":"2020-03-05T01:34:14","guid":{"rendered":"https:\/\/www.radiopresidenteibanez.cl\/web\/?p=10042"},"modified":"2020-03-05T01:34:17","modified_gmt":"2020-03-05T01:34:17","slug":"camara-de-diputados-aprueba-por-unanimidad-proyecto-de-resolucion-que-busca-incluir-a-san-gregorio-porvenir-timaukel-y-primavera-como-zonas-rezagadas","status":"publish","type":"post","link":"https:\/\/www.radiopresidenteibanez.cl\/web\/camara-de-diputados-aprueba-por-unanimidad-proyecto-de-resolucion-que-busca-incluir-a-san-gregorio-porvenir-timaukel-y-primavera-como-zonas-rezagadas\/","title":{"rendered":"C\u00c1MARA DE DIPUTADOS APRUEBA POR UNANIMIDAD PROYECTO DE RESOLUCI\u00d3N QUE BUSCA INCLUIR A SAN GREGORIO, PORVENIR, TIMAUKEL Y PRIMAVERA COMO \u201cZONAS REZAGADAS\u201d"},"content":{"rendered":"\n<p>\n\nPor unanimidad se aprob\u00f3 este martes en la C\u00e1mara de Diputados, el proyecto de resoluci\u00f3n presentado por los diputados Gabriel Boric y Sandra Amar, que busca incluir a las comunas de San Gregorio, Porvenir, Timaukel y Primavera como zonas rezagadas.<\/p>\n\n\n\n<p>Esta iniciativa surgi\u00f3 a ra\u00edz de del informe presentado por Subsecretar\u00eda de Desarrollo Regional (Subdere) que contemplaba como comunas susceptibles de ser rezagadas a Cabo de Hornos y Puerto Natales en la Regi\u00f3n de Magallanes, excluyendo a San Gregorio, Porvenir, Timaukel y Primavera.&nbsp;<\/p>\n\n\n\n<p>Al respecto, el diputado por Magallanes, Gabriel Boric, se mostr\u00f3 satisfecho con esta aprobaci\u00f3n. \u201cEstamos muy contentos de que se haya aprobado este proyecto de resoluci\u00f3n, porque siempre hemos dado una lucha contra el centralismo. Es impresentable que la situaci\u00f3n de aislamiento que se vive en Tierra del Fuego y otras comunas de la regi\u00f3n no sea considerada por el Estado. Estas comunas tienen una serie de necesidades, pero tambi\u00e9n potencialidades y si no son incentivadas por el Estado van a caer una vez m\u00e1s, como ha sucedido durante tanto tiempo, en el olvido\u201d, indic\u00f3 el diputado de Convergencia Social.&nbsp;<\/p>\n\n\n\n<p>Para que una comuna rezagada debe presentar bajos niveles de desarrollo respecto de la media regional y nacional y un alto grado de aislamiento que en general pueden implicar baja densidad poblacional, dificultando a su vez la posibilidad de recibir nuevos recursos, ya que \u00e9stos se adjudican en funci\u00f3n de las caracter\u00edsticas demogr\u00e1ficas de las comunas. El Estado por tanto, realiza una intervenci\u00f3n focalizada a trav\u00e9s de una mayor entrega de recursos.\n\n<\/p>\n","protected":false},"excerpt":{"rendered":"<p>Por unanimidad se aprob\u00f3 este martes en la C\u00e1mara de Diputados, el proyecto de resoluci\u00f3n presentado por los diputados Gabriel Boric y Sandra Amar, que busca incluir a las comunas&#8230; <a class=\"read-more\" href=\"https:\/\/www.radiopresidenteibanez.cl\/web\/camara-de-diputados-aprueba-por-unanimidad-proyecto-de-resolucion-que-busca-incluir-a-san-gregorio-porvenir-timaukel-y-primavera-como-zonas-rezagadas\/\">Leer m\u00e1s<\/a><\/p>\n","protected":false},"author":2,"featured_media":10043,"comment_status":"closed","ping_status":"closed","sticky":false,"template":"","format":"standard","meta":{"footnotes":""},"categories":[1],"tags":[],"class_list":["post-10042","post","type-post","status-publish","format-standard","has-post-thumbnail","hentry","category-cronica"],"_links":{"self":[{"href":"https:\/\/www.radiopresidenteibanez.cl\/web\/wp-json\/wp\/v2\/posts\/10042","targetHints":{"allow":["GET"]}}],"collection":[{"href":"https:\/\/www.radiopresidenteibanez.cl\/web\/wp-json\/wp\/v2\/posts"}],"about":[{"href":"https:\/\/www.radiopresidenteibanez.cl\/web\/wp-json\/wp\/v2\/types\/post"}],"author":[{"embeddable":true,"href":"https:\/\/www.radiopresidenteibanez.cl\/web\/wp-json\/wp\/v2\/users\/2"}],"replies":[{"embeddable":true,"href":"https:\/\/www.radiopresidenteibanez.cl\/web\/wp-json\/wp\/v2\/comments?post=10042"}],"version-history":[{"count":0,"href":"https:\/\/www.radiopresidenteibanez.cl\/web\/wp-json\/wp\/v2\/posts\/10042\/revisions"}],"wp:featuredmedia":[{"embeddable":true,"href":"https:\/\/www.radiopresidenteibanez.cl\/web\/wp-json\/wp\/v2\/media\/10043"}],"wp:attachment":[{"href":"https:\/\/www.radiopresidenteibanez.cl\/web\/wp-json\/wp\/v2\/media?parent=10042"}],"wp:term":[{"taxonomy":"category","embeddable":true,"href":"https:\/\/www.radiopresidenteibanez.cl\/web\/wp-json\/wp\/v2\/categories?post=10042"},{"taxonomy":"post_tag","embeddable":true,"href":"https:\/\/www.radiopresidenteibanez.cl\/web\/wp-json\/wp\/v2\/tags?post=10042"}],"curies":[{"name":"wp","href":"https:\/\/api.w.org\/{rel}","templated":true}]}}