{"id":10039,"date":"2020-03-05T01:32:26","date_gmt":"2020-03-05T01:32:26","guid":{"rendered":"https:\/\/www.radiopresidenteibanez.cl\/web\/?p=10039"},"modified":"2020-03-05T01:32:29","modified_gmt":"2020-03-05T01:32:29","slug":"diputados-amar-y-carter-presentan-proyecto-para-ampliacion-del-plazo-para-el-pago-del-permiso-de-circulacion","status":"publish","type":"post","link":"https:\/\/www.radiopresidenteibanez.cl\/web\/diputados-amar-y-carter-presentan-proyecto-para-ampliacion-del-plazo-para-el-pago-del-permiso-de-circulacion\/","title":{"rendered":"DIPUTADOS AMAR Y CARTER PRESENTAN PROYECTO PARA AMPLIACI\u00d3N DEL PLAZO PARA EL PAGO DEL PERMISO DE CIRCULACI\u00d3N"},"content":{"rendered":"\n<p>Los diputados UDI Sandra Amar junto \u00c1lvaro Carter\nfirmaron un proyecto con la finalidad de ampliar el plazo para el pago del\npermiso de circulaci\u00f3n.<strong><\/strong><\/p>\n\n\n\n<p>Ya comenz\u00f3 el mes de marzo y como es normal los\ngastos en los hogares aumentan debido a las diversas obligaciones que este mes\nconlleva, sum\u00e1ndose adem\u00e1s, el pago del permiso de circulaci\u00f3n. <\/p>\n\n\n\n<p>Al respecto, la Diputada Sandra Amar, coment\u00f3 \u201ccomo\ntodos los a\u00f1os, la fecha de vencimiento para pagar el permiso de circulaci\u00f3n es\nel pr\u00f3ximo 31 de marzo. Sin embargo, considerando que es un mes donde aumentan\nlos gastos en los hogares, decimos promover un proyecto, a trav\u00e9s del cual la\nfecha de vencimiento para este pago se extienda hasta el 30 de abril\u201d.<\/p>\n\n\n\n<p>Finalmente, es importante recordar que el pago del\npermiso de circulaci\u00f3n se puede realizar a trav\u00e9s de las p\u00e1ginas web de las\ndistintas municipalidades de nuestra regi\u00f3n o de manera presencial en los\nrespectivos Departamentos de Tr\u00e1nsito.<\/p>\n","protected":false},"excerpt":{"rendered":"<p>Los diputados UDI Sandra Amar junto \u00c1lvaro Carter firmaron un proyecto con la finalidad de ampliar el plazo para el pago del permiso de circulaci\u00f3n. Ya comenz\u00f3 el mes de&#8230; <a class=\"read-more\" href=\"https:\/\/www.radiopresidenteibanez.cl\/web\/diputados-amar-y-carter-presentan-proyecto-para-ampliacion-del-plazo-para-el-pago-del-permiso-de-circulacion\/\">Leer m\u00e1s<\/a><\/p>\n","protected":false},"author":2,"featured_media":10040,"comment_status":"closed","ping_status":"closed","sticky":false,"template":"","format":"standard","meta":{"footnotes":""},"categories":[1],"tags":[],"class_list":["post-10039","post","type-post","status-publish","format-standard","has-post-thumbnail","hentry","category-cronica"],"_links":{"self":[{"href":"https:\/\/www.radiopresidenteibanez.cl\/web\/wp-json\/wp\/v2\/posts\/10039","targetHints":{"allow":["GET"]}}],"collection":[{"href":"https:\/\/www.radiopresidenteibanez.cl\/web\/wp-json\/wp\/v2\/posts"}],"about":[{"href":"https:\/\/www.radiopresidenteibanez.cl\/web\/wp-json\/wp\/v2\/types\/post"}],"author":[{"embeddable":true,"href":"https:\/\/www.radiopresidenteibanez.cl\/web\/wp-json\/wp\/v2\/users\/2"}],"replies":[{"embeddable":true,"href":"https:\/\/www.radiopresidenteibanez.cl\/web\/wp-json\/wp\/v2\/comments?post=10039"}],"version-history":[{"count":0,"href":"https:\/\/www.radiopresidenteibanez.cl\/web\/wp-json\/wp\/v2\/posts\/10039\/revisions"}],"wp:featuredmedia":[{"embeddable":true,"href":"https:\/\/www.radiopresidenteibanez.cl\/web\/wp-json\/wp\/v2\/media\/10040"}],"wp:attachment":[{"href":"https:\/\/www.radiopresidenteibanez.cl\/web\/wp-json\/wp\/v2\/media?parent=10039"}],"wp:term":[{"taxonomy":"category","embeddable":true,"href":"https:\/\/www.radiopresidenteibanez.cl\/web\/wp-json\/wp\/v2\/categories?post=10039"},{"taxonomy":"post_tag","embeddable":true,"href":"https:\/\/www.radiopresidenteibanez.cl\/web\/wp-json\/wp\/v2\/tags?post=10039"}],"curies":[{"name":"wp","href":"https:\/\/api.w.org\/{rel}","templated":true}]}}