{"id":10036,"date":"2020-03-05T01:28:41","date_gmt":"2020-03-05T01:28:41","guid":{"rendered":"https:\/\/www.radiopresidenteibanez.cl\/web\/?p=10036"},"modified":"2020-03-05T01:28:44","modified_gmt":"2020-03-05T01:28:44","slug":"alcalde-presentara-querella-por-ataque-a-memorial-emplazado-en-el-cementerio-municipal","status":"publish","type":"post","link":"https:\/\/www.radiopresidenteibanez.cl\/web\/alcalde-presentara-querella-por-ataque-a-memorial-emplazado-en-el-cementerio-municipal\/","title":{"rendered":"ALCALDE PRESENTAR\u00c1 QUERELLA POR ATAQUE A MEMORIAL EMPLAZADO EN EL CEMENTERIO MUNICIPAL"},"content":{"rendered":"\n<p>Condena total a lo que ocurri\u00f3 esta madrugada en el Cementerio Municipal de nuestra ciudad, fue lo que manifest\u00f3 el alcalde de la comuna, Claudio Radonich Jim\u00e9nez, al conocer los detalles de un nuevo acto vand\u00e1lico que afect\u00f3 uno de los espacios m\u00e1s simb\u00f3licos del camposanto.<\/p>\n\n\n\n<p>Nos referimos al Memorial que recuerda a los Detenidos Desaparecidos, ubicado al interior del Cementerio Municipal de nuestra ciudad, el cual amaneci\u00f3 vandalizado, raz\u00f3n por la que la primera autoridad de la comuna anunci\u00f3 la presentaci\u00f3n de una querella criminal, con el fin de encontrar a los responsables de esta acci\u00f3n.<\/p>\n\n\n\n<p>\u201cPude conversar con diferentes representantes de las Agrupaciones de Derechos Humanos durante la ma\u00f1ana, y les inform\u00e9 de las acciones que hemos tomado en este caso, que al igual que en otros, repudiamos absolutamente\u201d, afirm\u00f3 Radonich.<\/p>\n\n\n\n<p>Junto a ello, se inform\u00f3 al Consejo de Monumentos, para determinar los pasos a seguir y as\u00ed poder iniciar los trabajos de reparaci\u00f3n correspondiente.<\/p>\n\n\n\n<p>Finalmente, se expuso tambi\u00e9n que todos los antecedentes ser\u00e1n puestos a disposici\u00f3n de la Justicia para la investigaci\u00f3n, por lo que se est\u00e1 a la espera de las pericias y lo que de ellas se conozca.<\/p>\n","protected":false},"excerpt":{"rendered":"<p>Condena total a lo que ocurri\u00f3 esta madrugada en el Cementerio Municipal de nuestra ciudad, fue lo que manifest\u00f3 el alcalde de la comuna, Claudio Radonich Jim\u00e9nez, al conocer los&#8230; <a class=\"read-more\" href=\"https:\/\/www.radiopresidenteibanez.cl\/web\/alcalde-presentara-querella-por-ataque-a-memorial-emplazado-en-el-cementerio-municipal\/\">Leer m\u00e1s<\/a><\/p>\n","protected":false},"author":2,"featured_media":10037,"comment_status":"closed","ping_status":"closed","sticky":false,"template":"","format":"standard","meta":{"footnotes":""},"categories":[1],"tags":[],"class_list":["post-10036","post","type-post","status-publish","format-standard","has-post-thumbnail","hentry","category-cronica"],"_links":{"self":[{"href":"https:\/\/www.radiopresidenteibanez.cl\/web\/wp-json\/wp\/v2\/posts\/10036","targetHints":{"allow":["GET"]}}],"collection":[{"href":"https:\/\/www.radiopresidenteibanez.cl\/web\/wp-json\/wp\/v2\/posts"}],"about":[{"href":"https:\/\/www.radiopresidenteibanez.cl\/web\/wp-json\/wp\/v2\/types\/post"}],"author":[{"embeddable":true,"href":"https:\/\/www.radiopresidenteibanez.cl\/web\/wp-json\/wp\/v2\/users\/2"}],"replies":[{"embeddable":true,"href":"https:\/\/www.radiopresidenteibanez.cl\/web\/wp-json\/wp\/v2\/comments?post=10036"}],"version-history":[{"count":0,"href":"https:\/\/www.radiopresidenteibanez.cl\/web\/wp-json\/wp\/v2\/posts\/10036\/revisions"}],"wp:featuredmedia":[{"embeddable":true,"href":"https:\/\/www.radiopresidenteibanez.cl\/web\/wp-json\/wp\/v2\/media\/10037"}],"wp:attachment":[{"href":"https:\/\/www.radiopresidenteibanez.cl\/web\/wp-json\/wp\/v2\/media?parent=10036"}],"wp:term":[{"taxonomy":"category","embeddable":true,"href":"https:\/\/www.radiopresidenteibanez.cl\/web\/wp-json\/wp\/v2\/categories?post=10036"},{"taxonomy":"post_tag","embeddable":true,"href":"https:\/\/www.radiopresidenteibanez.cl\/web\/wp-json\/wp\/v2\/tags?post=10036"}],"curies":[{"name":"wp","href":"https:\/\/api.w.org\/{rel}","templated":true}]}}