{"id":10034,"date":"2020-03-05T01:26:44","date_gmt":"2020-03-05T01:26:44","guid":{"rendered":"https:\/\/www.radiopresidenteibanez.cl\/web\/?p=10034"},"modified":"2020-03-05T01:26:47","modified_gmt":"2020-03-05T01:26:47","slug":"las-coincidencias-por-pablo-cruz","status":"publish","type":"post","link":"https:\/\/www.radiopresidenteibanez.cl\/web\/las-coincidencias-por-pablo-cruz\/","title":{"rendered":"LAS COINCIDENCIAS por PABLO CRUZ"},"content":{"rendered":"\n<p>A todos nos pasan, de repente, coincidencias.<\/p>\n\n\n\n<p>\u00bfQu\u00e9 son coincidencias? Que uno viaje a la Cochinchina\ny justo se encuentre con otro magall\u00e1nico; que uno est\u00e9 pensando en una canci\u00f3n\ny justo en ese momento la toquen en la radio; que est\u00e9s pensando en un amigo\nque no ves hace a\u00f1os y justo el amigo te llama por tel\u00e9fono; que algunos digan\nque no se puede hacer un plebiscito si hay violencia, y justo se produzcan\nactos de violencia; que empiece la campa\u00f1a por el plebiscito, y justo se queme\nla casa de los derechos humanos o palacio de la risa.<\/p>\n\n\n\n<p>La casa fue quemada y ahora un ministerio va a decidir\nsi se demuele o no y adivinen qu\u00e9 van a decidir.<\/p>\n\n\n\n<p>La casa de los derechos humanos, que el ministerio va\na demoler y no ha querido reparar, es un testimonio concreto, un monumento que\nrecuerda que las Fuerzas Armadas torturaron a civiles mientras gobernaron el\npa\u00eds en dictadura y es un mal s\u00edmbolo para un plebiscito en que los chilenos\nvamos a decidir si queremos cambiar la Constituci\u00f3n o mantenemos la que nos\ndej\u00f3 Pinochet y que sus seguidores est\u00e1n defendiendo a como d\u00e9 lugar. Por eso\ntambi\u00e9n el atentado contra el memorial de los derechos humanos en el\ncementerio; recuerda que durante el gobierno de Pinochet no solo se tortur\u00f3\ntambi\u00e9n se hizo desaparecer chilenos.<\/p>\n\n\n\n<p>Hay cient\u00edficos que han escrito que las coincidencias\nson una especie de fuerza desconocida que causa eventos.<\/p>\n\n\n\n<p>En estas coincidencias locales parece que no son tan\ndesconocidas estas fuerzas.<\/p>\n","protected":false},"excerpt":{"rendered":"<p>A todos nos pasan, de repente, coincidencias. \u00bfQu\u00e9 son coincidencias? Que uno viaje a la Cochinchina y justo se encuentre con otro magall\u00e1nico; que uno est\u00e9 pensando en una canci\u00f3n&#8230; <a class=\"read-more\" href=\"https:\/\/www.radiopresidenteibanez.cl\/web\/las-coincidencias-por-pablo-cruz\/\">Leer m\u00e1s<\/a><\/p>\n","protected":false},"author":2,"featured_media":6141,"comment_status":"closed","ping_status":"closed","sticky":false,"template":"","format":"standard","meta":{"footnotes":""},"categories":[1],"tags":[],"class_list":["post-10034","post","type-post","status-publish","format-standard","has-post-thumbnail","hentry","category-cronica"],"_links":{"self":[{"href":"https:\/\/www.radiopresidenteibanez.cl\/web\/wp-json\/wp\/v2\/posts\/10034","targetHints":{"allow":["GET"]}}],"collection":[{"href":"https:\/\/www.radiopresidenteibanez.cl\/web\/wp-json\/wp\/v2\/posts"}],"about":[{"href":"https:\/\/www.radiopresidenteibanez.cl\/web\/wp-json\/wp\/v2\/types\/post"}],"author":[{"embeddable":true,"href":"https:\/\/www.radiopresidenteibanez.cl\/web\/wp-json\/wp\/v2\/users\/2"}],"replies":[{"embeddable":true,"href":"https:\/\/www.radiopresidenteibanez.cl\/web\/wp-json\/wp\/v2\/comments?post=10034"}],"version-history":[{"count":0,"href":"https:\/\/www.radiopresidenteibanez.cl\/web\/wp-json\/wp\/v2\/posts\/10034\/revisions"}],"wp:featuredmedia":[{"embeddable":true,"href":"https:\/\/www.radiopresidenteibanez.cl\/web\/wp-json\/wp\/v2\/media\/6141"}],"wp:attachment":[{"href":"https:\/\/www.radiopresidenteibanez.cl\/web\/wp-json\/wp\/v2\/media?parent=10034"}],"wp:term":[{"taxonomy":"category","embeddable":true,"href":"https:\/\/www.radiopresidenteibanez.cl\/web\/wp-json\/wp\/v2\/categories?post=10034"},{"taxonomy":"post_tag","embeddable":true,"href":"https:\/\/www.radiopresidenteibanez.cl\/web\/wp-json\/wp\/v2\/tags?post=10034"}],"curies":[{"name":"wp","href":"https:\/\/api.w.org\/{rel}","templated":true}]}}