{"id":10031,"date":"2020-03-05T01:24:14","date_gmt":"2020-03-05T01:24:14","guid":{"rendered":"https:\/\/www.radiopresidenteibanez.cl\/web\/?p=10031"},"modified":"2020-03-05T01:24:19","modified_gmt":"2020-03-05T01:24:19","slug":"concejal-german-flores-solicito-informacion-sobre-la-red-de-distribucion-de-agua-potable-con-matriz-de-asbesto","status":"publish","type":"post","link":"https:\/\/www.radiopresidenteibanez.cl\/web\/concejal-german-flores-solicito-informacion-sobre-la-red-de-distribucion-de-agua-potable-con-matriz-de-asbesto\/","title":{"rendered":"CONCEJAL GERM\u00c1N FLORES SOLICIT\u00d3 INFORMACI\u00d3N SOBRE LA RED DE DISTRIBUCI\u00d3N DE AGUA POTABLE CON MATRIZ DE ASBESTO"},"content":{"rendered":"\n<p>\u201cDesde al a\u00f1o 2001 por Decreto Supremo est\u00e1 prohibido en\nnuestro pa\u00eds el uso de asbesto en todo tipo de aplicaciones por ser considerado\nun agente altamente cancer\u00edgeno, motivo por el cual estoy solicitando a la\nSuperintendencia de Servicio Sanitario y a la empresa Aguas Magallanes, tener\ninformaci\u00f3n para conocer cu\u00e1l es la realidad en torno a la red de distribuci\u00f3n\nde agua potable en la comuna de Punta Arenas, cuyos ductos matrices est\u00e1n\ncompuestos por tuber\u00edas de asbestos\u201d.<\/p>\n\n\n\n<p>As\u00ed lo se\u00f1al\u00f3 el concejal de la comuna Germ\u00e1n Flores tras\nhacer ingreso de los oficios en las respectivas oficinas, texto en cual\nsolicita adem\u00e1s que se le informe respecto al porcentaje que abastece la red de\nagua potable con este tipo de tuber\u00edas y en qu\u00e9 sectores de nuestra ciudad se\nubican<\/p>\n\n\n\n<p>\u201cEste es un tema que no ha estado en el \u00e1mbito p\u00fablico en la\ncomuna de Punta Arenas, pero s\u00ed en otras regiones del pa\u00eds, pues todos los\nestudios de expertos dan cuenta del da\u00f1o que tiene para la salud de las\npersonas el asbesto, principalmente causante de c\u00e1ncer. Esto ha motivado que en\nalgunas ciudades se han iniciado por parte de las empresas distribuidora el reemplazo\nde las tuber\u00edas con este compuesto, pero aqu\u00ed no ha sido tema, por ello espero\nque a partir de esta presentaci\u00f3n tengamos mayor informaci\u00f3n al respecto y\nsaber qu\u00e9 se har\u00e1\u201d, agreg\u00f3.<\/p>\n\n\n\n<p>El concejal Germ\u00e1n Flores, dijo que en el oficio enviado a\nAguas Magallanes, pregunta si como empresa existe alg\u00fan proyecto a corto,\nmediano y largo plazo de obras tendientes a reemplazar estas tuber\u00edas de\nasbesto, que sin duda en la actualidad deben estar abasteciendo a poblaciones\nque se construyeron antes de la dictaci\u00f3n del Decreto Supremo.<\/p>\n\n\n\n<p>\u201cEstamos frente a un tema de salud, pues se sabe que con el\npaso de los a\u00f1os las tuber\u00edas de asbesto van sufriendo el desgaste en su\ninterior, soltando part\u00edculas que son pr\u00e1cticamente invisibles, las que seg\u00fan\nalgunos estudios, llegan a nuestros cuerpos y que con el tiempo pueden ser\ncausar da\u00f1os irreparables para nuestra salud\u201d. Estoy consciente que la soluci\u00f3n\nno la tendremos en pocos a\u00f1os, pero es tiempo de iniciar la discusi\u00f3n\u201d,\nconcluy\u00f3 el concejal Germ\u00e1n Flores.<\/p>\n","protected":false},"excerpt":{"rendered":"<p>\u201cDesde al a\u00f1o 2001 por Decreto Supremo est\u00e1 prohibido en nuestro pa\u00eds el uso de asbesto en todo tipo de aplicaciones por ser considerado un agente altamente cancer\u00edgeno, motivo por&#8230; <a class=\"read-more\" href=\"https:\/\/www.radiopresidenteibanez.cl\/web\/concejal-german-flores-solicito-informacion-sobre-la-red-de-distribucion-de-agua-potable-con-matriz-de-asbesto\/\">Leer m\u00e1s<\/a><\/p>\n","protected":false},"author":2,"featured_media":10032,"comment_status":"closed","ping_status":"closed","sticky":false,"template":"","format":"standard","meta":{"footnotes":""},"categories":[1],"tags":[],"class_list":["post-10031","post","type-post","status-publish","format-standard","has-post-thumbnail","hentry","category-cronica"],"_links":{"self":[{"href":"https:\/\/www.radiopresidenteibanez.cl\/web\/wp-json\/wp\/v2\/posts\/10031","targetHints":{"allow":["GET"]}}],"collection":[{"href":"https:\/\/www.radiopresidenteibanez.cl\/web\/wp-json\/wp\/v2\/posts"}],"about":[{"href":"https:\/\/www.radiopresidenteibanez.cl\/web\/wp-json\/wp\/v2\/types\/post"}],"author":[{"embeddable":true,"href":"https:\/\/www.radiopresidenteibanez.cl\/web\/wp-json\/wp\/v2\/users\/2"}],"replies":[{"embeddable":true,"href":"https:\/\/www.radiopresidenteibanez.cl\/web\/wp-json\/wp\/v2\/comments?post=10031"}],"version-history":[{"count":0,"href":"https:\/\/www.radiopresidenteibanez.cl\/web\/wp-json\/wp\/v2\/posts\/10031\/revisions"}],"wp:featuredmedia":[{"embeddable":true,"href":"https:\/\/www.radiopresidenteibanez.cl\/web\/wp-json\/wp\/v2\/media\/10032"}],"wp:attachment":[{"href":"https:\/\/www.radiopresidenteibanez.cl\/web\/wp-json\/wp\/v2\/media?parent=10031"}],"wp:term":[{"taxonomy":"category","embeddable":true,"href":"https:\/\/www.radiopresidenteibanez.cl\/web\/wp-json\/wp\/v2\/categories?post=10031"},{"taxonomy":"post_tag","embeddable":true,"href":"https:\/\/www.radiopresidenteibanez.cl\/web\/wp-json\/wp\/v2\/tags?post=10031"}],"curies":[{"name":"wp","href":"https:\/\/api.w.org\/{rel}","templated":true}]}}