{"id":1003,"date":"2019-02-03T14:19:15","date_gmt":"2019-02-03T14:19:15","guid":{"rendered":"http:\/\/www.radiopresidenteibanez.cl\/web\/?p=1003"},"modified":"2019-02-03T14:19:22","modified_gmt":"2019-02-03T14:19:22","slug":"organizaciones-deportivas-de-punta-arenas-se-capacitaron-para-postular-al-fondo-de-acceso-a-la-energia","status":"publish","type":"post","link":"https:\/\/www.radiopresidenteibanez.cl\/web\/organizaciones-deportivas-de-punta-arenas-se-capacitaron-para-postular-al-fondo-de-acceso-a-la-energia\/","title":{"rendered":"ORGANIZACIONES DEPORTIVAS DE PUNTA ARENAS SE CAPACITARON PARA POSTULAR AL FONDO DE ACCESO A LA ENERG\u00cdA"},"content":{"rendered":"\n<p>Reunidos en el albergue para deportistas del IND, dirigentes deportivos de Punta Arenas, junto al representante de la Corporaci\u00f3n Municipal de Natales, (CORMUNAT), se capacitaron esta semana sobre las bases para postular al Fondo de Acceso a la Energ\u00eda (FAE) 2018 \u2013 2019.<\/p>\n\n\n\n<p>Quinta versi\u00f3n, que en esta oportunidad incluy\u00f3 por primera vez a Organizaciones Deportivas y Bomberos.<\/p>\n\n\n\n<p>\u201cEstamos contentos con la invitaci\u00f3n que hace el&nbsp;<strong>Ministerio de Energ\u00eda<\/strong>&nbsp;a nuestras organizaciones deportivas, a las que tambi\u00e9n se ha sumado bomberos. Nos parece un buena medida y signo de preocupaci\u00f3n del Gobierno del Presidente&nbsp;<strong>Sebasti\u00e1n Pi\u00f1era<\/strong>, el modificar las bases para, por vez primera, incluir en esta convocatoria a organizaciones deportivas\u201d, afirm\u00f3 la Secretaria Regional del Deporte,&nbsp;<strong>Odette Callahan<\/strong>.<\/p>\n\n\n\n<p>Callahan aprovech\u00f3 la ocasi\u00f3n de valorar el trabajo intersectorial con&nbsp;<strong>Energ\u00eda<\/strong>&nbsp;porque \u201cnos permite aunar esfuerzos en beneficio de clubes deportivos que tal vez no tienen acceso a la electricidad o a agua caliente.<\/p>\n\n\n\n<p><strong>Juan Carlos Paredes<\/strong>, profesional que dict\u00f3 la charla, coincidi\u00f3 con la Seremi Callahan se\u00f1alando que \u201ceste trabajo conjunto nos potencia en busca de mejorar, en definitiva, la calidad de vida un grupo importante de magall\u00e1nicos\u201d.<\/p>\n\n\n\n<p>En este sentido,&nbsp;la secretaria de Energ\u00eda,&nbsp;<strong>Susana Jim\u00e9nez,<\/strong>&nbsp;explic\u00f3 que el Fondo es parte de las iniciativas que su cartera est\u00e1 liderando para reducir las brechas de acceso a la energ\u00eda que a\u00fan hay en el pa\u00eds. Este punto es una prioridad del Gobierno del Presidente Sebasti\u00e1n Pi\u00f1era y el&nbsp;<strong>Mega Compromiso<\/strong>&nbsp;n\u00famero 1 de la&nbsp;<strong>Ruta Energ\u00e9tica<\/strong>&nbsp;de Chile 2018 \u2013 2019.&nbsp;<\/p>\n\n\n\n<p>Los profesionales de Energ\u00eda Magallanes recordaron que tambi\u00e9n pueden postular al FAE las:<\/p>\n\n\n\n<p>\u00b7&nbsp;&nbsp;&nbsp;&nbsp;&nbsp;&nbsp;&nbsp;&nbsp;&nbsp;Organizaciones comunitarias constituidas al amparo de la ley N\u00b019.418, como juntas de vecinos.<\/p>\n\n\n\n<p>\u00b7&nbsp;&nbsp;&nbsp;&nbsp;&nbsp;&nbsp;&nbsp;&nbsp;&nbsp;Comunidades y asociaciones ind\u00edgenas reguladas en la ley N\u00b019.253.<\/p>\n\n\n\n<p>\u00b7&nbsp;&nbsp;&nbsp;&nbsp;&nbsp;&nbsp;&nbsp;&nbsp;&nbsp;Asociaciones y fundaciones sin fines de lucro reguladas bajo la ley N\u00b0 20.500.<\/p>\n\n\n\n<p>\u00b7&nbsp;&nbsp;&nbsp;&nbsp;&nbsp;&nbsp;&nbsp;&nbsp;&nbsp;Asociaciones sindicales o sindicatos de trabajadores.<\/p>\n\n\n\n<p><strong>OPORTUNIDAD PARA MEJORAR INFRAESTRUCTURA<\/strong><\/p>\n\n\n\n<p>Con tarea para la casa, pero entusiasmados con la oportunidad que se abre, se fueron los dirigentes deportivos que acudieron a la charla a conocer las bases del FAE.<\/p>\n\n\n\n<p>Esto, porque el cambio que los incorpor\u00f3 por primera vez al grupo de posibles beneficiarios, viene a darles la chance de mejorar la infraestructura que posean para realizar sus actividades.<\/p>\n\n\n\n<p>\u201cEs importante conocer las pol\u00edticas de acceso a la energ\u00eda renovable y mientras el Estado nos este ofreciendo estas oportunidades, los clubes tienen que aprovecharlas para ahorrarnos costos en energ\u00eda\u201d, dijo Patricio Gonz\u00e1lez, presidente del Club Deportivo de Judo, Yama Harashi.<\/p>\n\n\n\n<p>En esta misma l\u00ednea, Juan Haro Tacul, de la CORMUNAT, se\u00f1al\u00f3 que para la comuna de Natales \u201ces importante este tipo de iniciativas, porque permite tener un ahorro en la parte de energ\u00eda, tanto para organizaciones deportivas como juntas de vecinos, las que pueden acceder a fuentes energ\u00e9ticas renovables\u201d.<\/p>\n\n\n\n<p><strong>SOLUCIONES ENERG\u00c9TICA A POSTULAR<\/strong><strong><\/strong><\/p>\n\n\n\n<p>La&nbsp;5ta versi\u00f3n del FAE, ya tuvo cambios importantes, los que consistieron principalmente enfocar los proyectos en dos modalidades:<\/p>\n\n\n\n<p>\u00b7&nbsp;&nbsp;&nbsp;&nbsp;&nbsp;&nbsp;&nbsp;&nbsp;&nbsp;Soluci\u00f3n de energizaci\u00f3n a trav\u00e9s de generaci\u00f3n fotovoltaica y almacenamiento en bater\u00edas.&nbsp;Las\/Los beneficiarias\/os podr\u00e1n obtener un sistema de m\u00e1ximo 10 kWp de potencia y,<\/p>\n\n\n\n<p>\u00b7&nbsp;&nbsp;&nbsp;&nbsp;&nbsp;&nbsp;&nbsp;&nbsp;&nbsp;Soluci\u00f3n de energizaci\u00f3n a trav\u00e9s de un sistema solar t\u00e9rmico.&nbsp;Los beneficiarios podr\u00e1n obtener un sistema solar t\u00e9rmico de m\u00e1ximo 12 mts2 de colectores.<\/p>\n\n\n\n<p>Finalmente&nbsp;Energ\u00eda Magallanes y la Seremi del Deporte reiteraron el llamado a informarse sobre las bases del concurso y a postular -hasta el 12 de febrero de este a\u00f1o- mediante el formulario web disponible en<a href=\"http:\/\/www.energia.gob.cl\/fae\" target=\"_blank\" rel=\"noreferrer noopener\">www.energia.gob.cl\/fae<\/a>.<\/p>\n","protected":false},"excerpt":{"rendered":"<p>Reunidos en el albergue para deportistas del IND, dirigentes deportivos de Punta Arenas, junto al representante de la Corporaci\u00f3n Municipal de Natales, (CORMUNAT), se capacitaron esta semana sobre las bases&#8230; <a class=\"read-more\" href=\"https:\/\/www.radiopresidenteibanez.cl\/web\/organizaciones-deportivas-de-punta-arenas-se-capacitaron-para-postular-al-fondo-de-acceso-a-la-energia\/\">Leer m\u00e1s<\/a><\/p>\n","protected":false},"author":2,"featured_media":1004,"comment_status":"closed","ping_status":"closed","sticky":false,"template":"","format":"standard","meta":{"footnotes":""},"categories":[1],"tags":[],"class_list":["post-1003","post","type-post","status-publish","format-standard","has-post-thumbnail","hentry","category-cronica"],"_links":{"self":[{"href":"https:\/\/www.radiopresidenteibanez.cl\/web\/wp-json\/wp\/v2\/posts\/1003","targetHints":{"allow":["GET"]}}],"collection":[{"href":"https:\/\/www.radiopresidenteibanez.cl\/web\/wp-json\/wp\/v2\/posts"}],"about":[{"href":"https:\/\/www.radiopresidenteibanez.cl\/web\/wp-json\/wp\/v2\/types\/post"}],"author":[{"embeddable":true,"href":"https:\/\/www.radiopresidenteibanez.cl\/web\/wp-json\/wp\/v2\/users\/2"}],"replies":[{"embeddable":true,"href":"https:\/\/www.radiopresidenteibanez.cl\/web\/wp-json\/wp\/v2\/comments?post=1003"}],"version-history":[{"count":0,"href":"https:\/\/www.radiopresidenteibanez.cl\/web\/wp-json\/wp\/v2\/posts\/1003\/revisions"}],"wp:featuredmedia":[{"embeddable":true,"href":"https:\/\/www.radiopresidenteibanez.cl\/web\/wp-json\/wp\/v2\/media\/1004"}],"wp:attachment":[{"href":"https:\/\/www.radiopresidenteibanez.cl\/web\/wp-json\/wp\/v2\/media?parent=1003"}],"wp:term":[{"taxonomy":"category","embeddable":true,"href":"https:\/\/www.radiopresidenteibanez.cl\/web\/wp-json\/wp\/v2\/categories?post=1003"},{"taxonomy":"post_tag","embeddable":true,"href":"https:\/\/www.radiopresidenteibanez.cl\/web\/wp-json\/wp\/v2\/tags?post=1003"}],"curies":[{"name":"wp","href":"https:\/\/api.w.org\/{rel}","templated":true}]}}