{"id":10027,"date":"2020-03-04T02:18:42","date_gmt":"2020-03-04T02:18:42","guid":{"rendered":"https:\/\/www.radiopresidenteibanez.cl\/web\/?p=10027"},"modified":"2020-03-04T02:18:47","modified_gmt":"2020-03-04T02:18:47","slug":"autoridades-regionales-de-magallanes-se-refirieron-al-caso-de-covid-19-de-la-region-del-maule-y-las-acciones-a-seguir-en-la-segunda-etapa-del-virus","status":"publish","type":"post","link":"https:\/\/www.radiopresidenteibanez.cl\/web\/autoridades-regionales-de-magallanes-se-refirieron-al-caso-de-covid-19-de-la-region-del-maule-y-las-acciones-a-seguir-en-la-segunda-etapa-del-virus\/","title":{"rendered":"AUTORIDADES REGIONALES DE MAGALLANES SE REFIRIERON AL CASO DE COVID-19 DE LA REGI\u00d3N DEL MAULE Y LAS ACCIONES A SEGUIR EN LA SEGUNDA ETAPA DEL VIRUS"},"content":{"rendered":"\n<p>El d\u00eda de ayer martes 03 de\nmarzo, pasadas las 17:00 horas, se confirm\u00f3 el primer caso de covid-19\n(coronavirus) en Chile, para ser m\u00e1s precisos en Talca, en donde un hombre de\nprofesi\u00f3n doctor de 33 a\u00f1os, se vio afectado por este virus luego de estar un\nmes de luna de miel en Singapur y otros lugares aleda\u00f1os.<\/p>\n\n\n\n<p>La informaci\u00f3n fue corrobora\ninstantes despu\u00e9s por el Gobierno a trav\u00e9s de un comunicado de prensa y por el\nministro de salud, Jaime Ma\u00f1alich, quien viajo hasta Talca para interiorizarse\ndel hecho.<\/p>\n\n\n\n<p>En el documento difundido por el\nMinsal, puntualiza la estad\u00eda del hombre en Singapur \u201cpa\u00eds que presenta un\nbrote de esta enfermedad, con 110 casos confirmados y ning\u00fan fallecido, a la\nfecha de hoy\u201d.<\/p>\n\n\n\n<p>Este hecho activo r\u00e1pidamente el\nsegundo protocolo a nivel pa\u00eds, en Magallanes las autoridades de salud y la\nm\u00e1xima autoridad regional tambi\u00e9n se refirieron al caso de Covid-19.<\/p>\n\n\n\n<p>\u201cestamos atentos a los casos que puedan ocurrir en un futuro, en la regi\u00f3n ya hemos tenido algunas personas que podr\u00edan haber estado afectadas con el covid-19, pero afortunadamente solo fueron resfriados\u201d, manifest\u00f3 el Intendente Jos\u00e9 Fern\u00e1ndez.<\/p>\n\n\n\n<p>Por su parte el Seremi (S) de Salud en Magallanes, Sergio Ruiz, entrego algunas recomendaciones para no verse afectado por el virus, o resfrios que en esta \u00e9poca del a\u00f1o son comunes y m\u00e1s cuando se acerca el inverno as\u00ed tambi\u00e9n expres\u00f3 que \u201cestamos trabajando a nivel nacional para detectar casos antes de que llegue el brote, para as\u00ed poder evitar un n\u00famero mayor de personas afectadas por el covid-19\u201d.<\/p>\n\n\n\n<p>El viajero retorn\u00f3 el 25 de febrero de su viaje y, el 1 de marzo, comenz\u00f3 con sintomatolog\u00eda asociada al Covid-19. Finalmente el afectado fue derivado a su hogar en donde ser\u00e1 evaluado diariamente para ver como avanza o retrocede el virus.<\/p>\n","protected":false},"excerpt":{"rendered":"<p>El d\u00eda de ayer martes 03 de marzo, pasadas las 17:00 horas, se confirm\u00f3 el primer caso de covid-19 (coronavirus) en Chile, para ser m\u00e1s precisos en Talca, en donde&#8230; <a class=\"read-more\" href=\"https:\/\/www.radiopresidenteibanez.cl\/web\/autoridades-regionales-de-magallanes-se-refirieron-al-caso-de-covid-19-de-la-region-del-maule-y-las-acciones-a-seguir-en-la-segunda-etapa-del-virus\/\">Leer m\u00e1s<\/a><\/p>\n","protected":false},"author":2,"featured_media":10028,"comment_status":"closed","ping_status":"closed","sticky":false,"template":"","format":"standard","meta":{"footnotes":""},"categories":[1],"tags":[],"class_list":["post-10027","post","type-post","status-publish","format-standard","has-post-thumbnail","hentry","category-cronica"],"_links":{"self":[{"href":"https:\/\/www.radiopresidenteibanez.cl\/web\/wp-json\/wp\/v2\/posts\/10027","targetHints":{"allow":["GET"]}}],"collection":[{"href":"https:\/\/www.radiopresidenteibanez.cl\/web\/wp-json\/wp\/v2\/posts"}],"about":[{"href":"https:\/\/www.radiopresidenteibanez.cl\/web\/wp-json\/wp\/v2\/types\/post"}],"author":[{"embeddable":true,"href":"https:\/\/www.radiopresidenteibanez.cl\/web\/wp-json\/wp\/v2\/users\/2"}],"replies":[{"embeddable":true,"href":"https:\/\/www.radiopresidenteibanez.cl\/web\/wp-json\/wp\/v2\/comments?post=10027"}],"version-history":[{"count":0,"href":"https:\/\/www.radiopresidenteibanez.cl\/web\/wp-json\/wp\/v2\/posts\/10027\/revisions"}],"wp:featuredmedia":[{"embeddable":true,"href":"https:\/\/www.radiopresidenteibanez.cl\/web\/wp-json\/wp\/v2\/media\/10028"}],"wp:attachment":[{"href":"https:\/\/www.radiopresidenteibanez.cl\/web\/wp-json\/wp\/v2\/media?parent=10027"}],"wp:term":[{"taxonomy":"category","embeddable":true,"href":"https:\/\/www.radiopresidenteibanez.cl\/web\/wp-json\/wp\/v2\/categories?post=10027"},{"taxonomy":"post_tag","embeddable":true,"href":"https:\/\/www.radiopresidenteibanez.cl\/web\/wp-json\/wp\/v2\/tags?post=10027"}],"curies":[{"name":"wp","href":"https:\/\/api.w.org\/{rel}","templated":true}]}}