{"id":10024,"date":"2020-03-04T02:03:15","date_gmt":"2020-03-04T02:03:15","guid":{"rendered":"https:\/\/www.radiopresidenteibanez.cl\/web\/?p=10024"},"modified":"2020-03-04T02:03:20","modified_gmt":"2020-03-04T02:03:20","slug":"formacion-de-personas-en-turismo-objetivo-comun-entre-sernatur-y-cft-de-magallanes","status":"publish","type":"post","link":"https:\/\/www.radiopresidenteibanez.cl\/web\/formacion-de-personas-en-turismo-objetivo-comun-entre-sernatur-y-cft-de-magallanes\/","title":{"rendered":"FORMACI\u00d3N DE PERSONAS EN TURISMO: OBJETIVO COM\u00daN ENTRE SERNATUR Y CFT DE MAGALLANES"},"content":{"rendered":"\n<p>Como muy productiva\nfue calificada la reuni\u00f3n de trabajo sostenida esta semana entre la direcci\u00f3n\nregional de Sernatur y la rector\u00eda del Centro de Formaci\u00f3n T\u00e9cnica de\nMagallanes, instituci\u00f3n que iniciar\u00e1 su periodo acad\u00e9mico a fines de marzo en\nPorvenir con la apertura de las carreras de turismo y administraci\u00f3n de\nsistemas log\u00edsticos.<\/p>\n\n\n\n<p>En la presentaci\u00f3n\nal Servicio Nacional de Turismo de Magallanes, Christian Quezada rector del CFT\nEstatal de Magallanes explic\u00f3 que unos de los objetivos de iniciar funciones en\nla capital de Tierra del Fuego es descentralizar la oferta con carreras\nfocalizadas en la formaci\u00f3n de t\u00e9cnicos profesionales de acuerdo a las\nnecesidades productivas del territorio, con capacidad de emprendimiento y alta\nempleabilidad, por lo que las carreras est\u00e1n fuertemente centradas en la\npr\u00e1ctica y en materias sello como son el aprendizaje de ingl\u00e9s y nuevas\ntecnolog\u00edas.<\/p>\n\n\n\n<p>Respecto a la\nubicaci\u00f3n en Porvenir del CFT la presentaci\u00f3n explic\u00f3 que en esta etapa est\u00e1n\ntrabajando en el desarrollo de un Centro de Formaci\u00f3n T\u00e9cnica centrado en el\nuso de tecnolog\u00edas de informaci\u00f3n con el prop\u00f3sito de acortar las brechas en la\nformaci\u00f3n t\u00e9cnico profesional accediendo a conocimiento y docentes de primer\nnivel. Al mismo tiempo el rector del CFT dio a conocer que se ubicar\u00e1n en Francisco\nSampaio 580, espacio que con el comodato entregado por la Municipalidad de\nPorvenir empezar\u00e1 a ser reconfigurado para recibir a los nuevos estudiantes.<\/p>\n\n\n\n<p>\u201cEs un importante\napoyo para nuestra gesti\u00f3n reunirnos con ustedes\u201d se\u00f1al\u00f3 el rector del CFT a la\ndirectora regional de Sernatur. Al concluir el encuentro Christian Quezada\nplante\u00f3: \u201ctuvimos una reuni\u00f3n muy productiva y uno de los objetivos que tenemos\ncomo instituci\u00f3n es poder convocar intereses y voluntades sobre todo con una\ninstituci\u00f3n tan relevante como lo es Sernatur para poder potenciar e\nidentificar todas aquellas necesidades que tiene este sector y poder formar\npersonas, capital humano calificado para cumplir con las expectativas que hoy d\u00eda\ntiene la regi\u00f3n y poder potenciar su desarrollo\u201d.<\/p>\n\n\n\n<p>Por su parte la\ndirectora regional del Sernatur, Ximena Castro se\u00f1al\u00f3: \u201ces una excelente\nnoticia para la regi\u00f3n, especialmente para la provincia de Tierra del Fuego\nporque est\u00e1n iniciando con Porvenir, donde nosotros tenemos como objetivo\nprecisamente integrar capital humano regional al sector turismo, porque lo\nnecesitamos. Necesitamos formar a nuestros j\u00f3venes y a nuestros adultos para\nque se incorporen a este sector y nos transformemos en una regi\u00f3n tur\u00edstica en\ntodo el territorio\u201d. <\/p>\n\n\n\n<p>Respecto a c\u00f3mo es\nposible desarrollar un trabajo colaborativo y directo indic\u00f3 que Sernatur est\u00e1\ndispuesto a tender puentes. \u201cPrincipalmente con la vinculaci\u00f3n con el sector\nturismo, con las c\u00e1maras de turismo, con los prestadores para lograr por\nejemplo pasant\u00edas y pr\u00e1cticas y nosotros ir vinculando tambi\u00e9n e ir dando a\nconocer esta alternativa para que los chicos, nuestros j\u00f3venes se entusiasmen y\nvean al turismo como una real oportunidad de desarrollo profesional\u201d, remarc\u00f3\nXimena Castro.<\/p>\n\n\n\n<p>Finalmente, ambas\nautoridades coincidieron en que el Centro de Formaci\u00f3n debe ser a futuro, un\nespacio para la certificaci\u00f3n laboral que reconozca las capacidades de los\nt\u00e9cnicos profesionales del turismo, as\u00ed como incluir al CFT Regional en la mesa\nde capital humano de SERNATUR.<\/p>\n","protected":false},"excerpt":{"rendered":"<p>Como muy productiva fue calificada la reuni\u00f3n de trabajo sostenida esta semana entre la direcci\u00f3n regional de Sernatur y la rector\u00eda del Centro de Formaci\u00f3n T\u00e9cnica de Magallanes, instituci\u00f3n que&#8230; <a class=\"read-more\" href=\"https:\/\/www.radiopresidenteibanez.cl\/web\/formacion-de-personas-en-turismo-objetivo-comun-entre-sernatur-y-cft-de-magallanes\/\">Leer m\u00e1s<\/a><\/p>\n","protected":false},"author":2,"featured_media":10025,"comment_status":"closed","ping_status":"closed","sticky":false,"template":"","format":"standard","meta":{"footnotes":""},"categories":[1],"tags":[],"class_list":["post-10024","post","type-post","status-publish","format-standard","has-post-thumbnail","hentry","category-cronica"],"_links":{"self":[{"href":"https:\/\/www.radiopresidenteibanez.cl\/web\/wp-json\/wp\/v2\/posts\/10024","targetHints":{"allow":["GET"]}}],"collection":[{"href":"https:\/\/www.radiopresidenteibanez.cl\/web\/wp-json\/wp\/v2\/posts"}],"about":[{"href":"https:\/\/www.radiopresidenteibanez.cl\/web\/wp-json\/wp\/v2\/types\/post"}],"author":[{"embeddable":true,"href":"https:\/\/www.radiopresidenteibanez.cl\/web\/wp-json\/wp\/v2\/users\/2"}],"replies":[{"embeddable":true,"href":"https:\/\/www.radiopresidenteibanez.cl\/web\/wp-json\/wp\/v2\/comments?post=10024"}],"version-history":[{"count":0,"href":"https:\/\/www.radiopresidenteibanez.cl\/web\/wp-json\/wp\/v2\/posts\/10024\/revisions"}],"wp:featuredmedia":[{"embeddable":true,"href":"https:\/\/www.radiopresidenteibanez.cl\/web\/wp-json\/wp\/v2\/media\/10025"}],"wp:attachment":[{"href":"https:\/\/www.radiopresidenteibanez.cl\/web\/wp-json\/wp\/v2\/media?parent=10024"}],"wp:term":[{"taxonomy":"category","embeddable":true,"href":"https:\/\/www.radiopresidenteibanez.cl\/web\/wp-json\/wp\/v2\/categories?post=10024"},{"taxonomy":"post_tag","embeddable":true,"href":"https:\/\/www.radiopresidenteibanez.cl\/web\/wp-json\/wp\/v2\/tags?post=10024"}],"curies":[{"name":"wp","href":"https:\/\/api.w.org\/{rel}","templated":true}]}}