{"id":10021,"date":"2020-03-04T01:59:18","date_gmt":"2020-03-04T01:59:18","guid":{"rendered":"https:\/\/www.radiopresidenteibanez.cl\/web\/?p=10021"},"modified":"2020-03-04T01:59:22","modified_gmt":"2020-03-04T01:59:22","slug":"innovadores-talleres-abiertos-a-la-comunidad-marcaran-la-participacion-de-inia-kampenaike-en-la-expogama-2020","status":"publish","type":"post","link":"https:\/\/www.radiopresidenteibanez.cl\/web\/innovadores-talleres-abiertos-a-la-comunidad-marcaran-la-participacion-de-inia-kampenaike-en-la-expogama-2020\/","title":{"rendered":"INNOVADORES TALLERES ABIERTOS A LA COMUNIDAD MARCAR\u00c1N LA PARTICIPACI\u00d3N DE INIA KAMPENAIKE EN LA EXPOGAMA 2020"},"content":{"rendered":"\n<p>Dos talleres y una l\u00fadica muestra\nde distintas plantas observadas a trav\u00e9s de una lupa,&nbsp; ser\u00e1n parte de las actividades que los\nprofesionales de INIA Kampenaike preparan para entregar a la comunidad los d\u00edas\n&nbsp;7 y 8 de marzo, en la sexag\u00e9sima octava\nversi\u00f3n de la Exposici\u00f3n Ganadera de Magallanes, EXPOGAMA 2020.<\/p>\n\n\n\n<p>El d\u00eda s\u00e1bado 7 de marzo, a\npartir de las 11 horas, el t\u00e9cnico Jaime Valenzuela, dictar\u00e1 el taller pr\u00e1ctico\nde construcci\u00f3n de cerco el\u00e9ctrico, donde entregar\u00e1 los conocimientos b\u00e1sicos\npara poder instalar y operar de manera correcta esta infraestructura en predios\nganaderos. <\/p>\n\n\n\n<p>El mismo d\u00eda pero de 15 a 15.30\nhoras, las investigadoras Claudia Mc Leod y Karina \u00c1guila, ense\u00f1ar\u00e1n c\u00f3mo\nrealizar un microt\u00fanel, estructura que sirve de invernadero para los huertos\ncaseros, a muy bajo costo. <\/p>\n\n\n\n<p>En tanto, la profesional Rayen\nMillaleo, realizar\u00e1 una muestra de diferentes plantas y de suelo, mirados a\ntrav\u00e9s del cristal de una lupa, donde los observadores podr\u00e1n analizar y\nconocer de cerca \u201cEl mundo en miniatura de las plantas\u201d.<\/p>\n\n\n\n<p>Para asistir a los talleres los\ncupos son limitados, por tanto quienes est\u00e9n interesados en participar, deben inscribirse\nal correo <a href=\"mailto:jaqueline.barria@inia.cl\">jaqueline.barria@inia.cl<\/a>\nhasta el viernes. Hay 10 cupos para el taller de construcci\u00f3n de cerco\nel\u00e9ctrico y 15, para el de construcci\u00f3n de microt\u00faneles.<\/p>\n\n\n\n<p>Francisco Sales, director\nregional de INIA manifest\u00f3 que \u201cestamos muy contentos de ser parte una vez m\u00e1s\nde la EXPOGAMA, un tradicional evento que acerca la comunidad al mundo del agro\ny que es para nosotros una gran oportunidad de compartir con los asistentes\ntodos nuestros avances en materia de investigaci\u00f3n y tecnolog\u00eda aplicada al\ndesarrollo agropecuario y sustentable de Magallanes\u201d.<\/p>\n\n\n\n<p>Cam\u00e9lidos y ovinos completar\u00e1n el\nstand de INIA en la EXPOGAMA desde el viernes 6 de marzo,&nbsp; as\u00ed como tambi\u00e9n la presentaci\u00f3n de los\ncuatro proyectos FIC que fueron adjudicados a la instituci\u00f3n este a\u00f1o y que\nser\u00e1n presentados en el sal\u00f3n empresarial para conocimiento de las empresas y\nlos asistentes. <\/p>\n\n\n\n<p><strong>Acerca de INIA<\/strong><\/p>\n\n\n\n<p>El Instituto de Investigaciones\nAgropecuarias (INIA) es la principal instituci\u00f3n de investigaci\u00f3n agropecuaria\nde Chile, dependiente del Ministerio de Agricultura, con presencia nacional de\nArica a Magallanes, a trav\u00e9s de sus 10 Centros Regionales, adem\u00e1s de oficinas\nt\u00e9cnicas y centros experimentales en cada una de las regiones del pa\u00eds. Su\nmisi\u00f3n es generar y transferir conocimientos y tecnolog\u00edas estrat\u00e9gicas a\nescala global, para producir innovaci\u00f3n y mejorar la competitividad del sector\nagroalimentario. www.inia.cl<\/p>\n","protected":false},"excerpt":{"rendered":"<p>Dos talleres y una l\u00fadica muestra de distintas plantas observadas a trav\u00e9s de una lupa,&nbsp; ser\u00e1n parte de las actividades que los profesionales de INIA Kampenaike preparan para entregar a&#8230; <a class=\"read-more\" href=\"https:\/\/www.radiopresidenteibanez.cl\/web\/innovadores-talleres-abiertos-a-la-comunidad-marcaran-la-participacion-de-inia-kampenaike-en-la-expogama-2020\/\">Leer m\u00e1s<\/a><\/p>\n","protected":false},"author":2,"featured_media":10022,"comment_status":"closed","ping_status":"closed","sticky":false,"template":"","format":"standard","meta":{"footnotes":""},"categories":[1],"tags":[],"class_list":["post-10021","post","type-post","status-publish","format-standard","has-post-thumbnail","hentry","category-cronica"],"_links":{"self":[{"href":"https:\/\/www.radiopresidenteibanez.cl\/web\/wp-json\/wp\/v2\/posts\/10021","targetHints":{"allow":["GET"]}}],"collection":[{"href":"https:\/\/www.radiopresidenteibanez.cl\/web\/wp-json\/wp\/v2\/posts"}],"about":[{"href":"https:\/\/www.radiopresidenteibanez.cl\/web\/wp-json\/wp\/v2\/types\/post"}],"author":[{"embeddable":true,"href":"https:\/\/www.radiopresidenteibanez.cl\/web\/wp-json\/wp\/v2\/users\/2"}],"replies":[{"embeddable":true,"href":"https:\/\/www.radiopresidenteibanez.cl\/web\/wp-json\/wp\/v2\/comments?post=10021"}],"version-history":[{"count":0,"href":"https:\/\/www.radiopresidenteibanez.cl\/web\/wp-json\/wp\/v2\/posts\/10021\/revisions"}],"wp:featuredmedia":[{"embeddable":true,"href":"https:\/\/www.radiopresidenteibanez.cl\/web\/wp-json\/wp\/v2\/media\/10022"}],"wp:attachment":[{"href":"https:\/\/www.radiopresidenteibanez.cl\/web\/wp-json\/wp\/v2\/media?parent=10021"}],"wp:term":[{"taxonomy":"category","embeddable":true,"href":"https:\/\/www.radiopresidenteibanez.cl\/web\/wp-json\/wp\/v2\/categories?post=10021"},{"taxonomy":"post_tag","embeddable":true,"href":"https:\/\/www.radiopresidenteibanez.cl\/web\/wp-json\/wp\/v2\/tags?post=10021"}],"curies":[{"name":"wp","href":"https:\/\/api.w.org\/{rel}","templated":true}]}}