{"id":10014,"date":"2020-03-03T18:09:33","date_gmt":"2020-03-03T18:09:33","guid":{"rendered":"https:\/\/www.radiopresidenteibanez.cl\/web\/?p=10014"},"modified":"2020-03-03T18:09:36","modified_gmt":"2020-03-03T18:09:36","slug":"tras-incendio-en-casa-de-derechos-humanos-estamos-solicitando-recursos-y-permisos-correspondientes-para-poder-realizar-cierre-que-proteja-lo-que-quedo-de-edificacion-senalo-seremi","status":"publish","type":"post","link":"https:\/\/www.radiopresidenteibanez.cl\/web\/tras-incendio-en-casa-de-derechos-humanos-estamos-solicitando-recursos-y-permisos-correspondientes-para-poder-realizar-cierre-que-proteja-lo-que-quedo-de-edificacion-senalo-seremi\/","title":{"rendered":"TRAS INCENDIO EN CASA DE DERECHOS HUMANOS: \u201cESTAMOS SOLICITANDO RECURSOS Y PERMISOS CORRESPONDIENTES PARA PODER REALIZAR CIERRE QUE PROTEJA LO QUE QUEDO DE EDIFICACI\u00d3N\u201d, SE\u00d1ALO SEREMI FRANCISCA ROJAS DE BIENES NACIONALES"},"content":{"rendered":"\n<p>La casa de los derechos humanos, tras ser v\u00edctima de un incendio hace algunos d\u00edas en Punta Arenas volvi\u00f3 a estar en la palestra informativa y en la preocupaci\u00f3n de las autoridades.<\/p>\n\n\n\n<p>Esto fue un llamado de atenci\u00f3n para algunas autoridades, quien ya se han puesto a trabajar para lograr conseguir fondos a nivel nacional y poder generar un trabajo en seguridad en la edificaci\u00f3n.<\/p>\n\n\n\n<p>Francisca Rojas, seremi de bienes nacionales, ha tomado contacto con autoridades nacionales del ministerio y ha solicitado fondos para resguardar la seguridad exterior del recinto.<\/p>\n\n\n\n<p>Agrego la seremi Rojas, que realizaran un trabajo minucioso en temas de seguridad dado el peligro que tiene el actual estado de la casa por el incendio donde no se descarta derrumbe en cualquier momento.<\/p>\n\n\n\n<p><\/p>\n\n\n\n<p>D.M  \/  imagen: CHH<\/p>\n","protected":false},"excerpt":{"rendered":"<p>La casa de los derechos humanos, tras ser v\u00edctima de un incendio hace algunos d\u00edas en Punta Arenas volvi\u00f3 a estar en la palestra informativa y en la preocupaci\u00f3n de&#8230; <a class=\"read-more\" href=\"https:\/\/www.radiopresidenteibanez.cl\/web\/tras-incendio-en-casa-de-derechos-humanos-estamos-solicitando-recursos-y-permisos-correspondientes-para-poder-realizar-cierre-que-proteja-lo-que-quedo-de-edificacion-senalo-seremi\/\">Leer m\u00e1s<\/a><\/p>\n","protected":false},"author":2,"featured_media":10015,"comment_status":"closed","ping_status":"closed","sticky":false,"template":"","format":"standard","meta":{"footnotes":""},"categories":[1],"tags":[],"class_list":["post-10014","post","type-post","status-publish","format-standard","has-post-thumbnail","hentry","category-cronica"],"_links":{"self":[{"href":"https:\/\/www.radiopresidenteibanez.cl\/web\/wp-json\/wp\/v2\/posts\/10014","targetHints":{"allow":["GET"]}}],"collection":[{"href":"https:\/\/www.radiopresidenteibanez.cl\/web\/wp-json\/wp\/v2\/posts"}],"about":[{"href":"https:\/\/www.radiopresidenteibanez.cl\/web\/wp-json\/wp\/v2\/types\/post"}],"author":[{"embeddable":true,"href":"https:\/\/www.radiopresidenteibanez.cl\/web\/wp-json\/wp\/v2\/users\/2"}],"replies":[{"embeddable":true,"href":"https:\/\/www.radiopresidenteibanez.cl\/web\/wp-json\/wp\/v2\/comments?post=10014"}],"version-history":[{"count":0,"href":"https:\/\/www.radiopresidenteibanez.cl\/web\/wp-json\/wp\/v2\/posts\/10014\/revisions"}],"wp:featuredmedia":[{"embeddable":true,"href":"https:\/\/www.radiopresidenteibanez.cl\/web\/wp-json\/wp\/v2\/media\/10015"}],"wp:attachment":[{"href":"https:\/\/www.radiopresidenteibanez.cl\/web\/wp-json\/wp\/v2\/media?parent=10014"}],"wp:term":[{"taxonomy":"category","embeddable":true,"href":"https:\/\/www.radiopresidenteibanez.cl\/web\/wp-json\/wp\/v2\/categories?post=10014"},{"taxonomy":"post_tag","embeddable":true,"href":"https:\/\/www.radiopresidenteibanez.cl\/web\/wp-json\/wp\/v2\/tags?post=10014"}],"curies":[{"name":"wp","href":"https:\/\/api.w.org\/{rel}","templated":true}]}}