{"id":10011,"date":"2020-03-03T18:03:47","date_gmt":"2020-03-03T18:03:47","guid":{"rendered":"https:\/\/www.radiopresidenteibanez.cl\/web\/?p=10011"},"modified":"2020-03-03T18:05:04","modified_gmt":"2020-03-03T18:05:04","slug":"seremi-gobierno-alejandra-munoz-esperamos-como-gobierno-que-la-vuelta-a-clases-sea-con-total-normalidad-y-se-pueda-generar-tranquilidad-en-la-comunidad","status":"publish","type":"post","link":"https:\/\/www.radiopresidenteibanez.cl\/web\/seremi-gobierno-alejandra-munoz-esperamos-como-gobierno-que-la-vuelta-a-clases-sea-con-total-normalidad-y-se-pueda-generar-tranquilidad-en-la-comunidad\/","title":{"rendered":"SEREMI GOBIERNO ALEJANDRA MU\u00d1OZ \u00abESPERAMOS COMO GOBIERNO QUE LA VUELTA A CLASES SEA CON TOTAL NORMALIDAD Y SE PUEDA GENERAR TRANQUILIDAD EN LA COMUNIDAD\u00bb"},"content":{"rendered":"\n<p>La vocera de\ngobierno en conversaci\u00f3n con nuestro departamento de prensa se\u00f1alo que en d\u00eda\njueves esperan sea un regreso a clases normal y con total tranquilidad para los\nmiles de ni\u00f1as ni\u00f1os y j\u00f3venes que vuelven a sus aulas<\/p>\n\n\n\n<p>Alejandra Mu\u00f1oz,\nindico tambi\u00e9n que esperan que vuelva la tranquilidad y seguridad en las calles\npara estos d\u00edas que vuelve a funcionar todo con normalizaci\u00f3n de horarios <\/p>\n\n\n\n<p>Estamos\ntrabajando como gobierno en soluciones a las demandas, pero no es r\u00e1pido lograr\nrespuesta a todos los temas porque tambi\u00e9n hay que avanzar como pa\u00eds y no\nquedarse en soluciones de momento por lo que se vive <\/p>\n\n\n\n<p>Llamamos a todas y todos a trabajar en conjunto por un nuevo Chile, pero entregando tambi\u00e9n la tranquilidad en todos los aspectos de las demandas sociales. <\/p>\n\n\n\n<p><\/p>\n\n\n\n<p>D.M<\/p>\n","protected":false},"excerpt":{"rendered":"<p>La vocera de gobierno en conversaci\u00f3n con nuestro departamento de prensa se\u00f1alo que en d\u00eda jueves esperan sea un regreso a clases normal y con total tranquilidad para los miles&#8230; <a class=\"read-more\" href=\"https:\/\/www.radiopresidenteibanez.cl\/web\/seremi-gobierno-alejandra-munoz-esperamos-como-gobierno-que-la-vuelta-a-clases-sea-con-total-normalidad-y-se-pueda-generar-tranquilidad-en-la-comunidad\/\">Leer m\u00e1s<\/a><\/p>\n","protected":false},"author":2,"featured_media":8448,"comment_status":"closed","ping_status":"closed","sticky":false,"template":"","format":"standard","meta":{"footnotes":""},"categories":[1],"tags":[],"class_list":["post-10011","post","type-post","status-publish","format-standard","has-post-thumbnail","hentry","category-cronica"],"_links":{"self":[{"href":"https:\/\/www.radiopresidenteibanez.cl\/web\/wp-json\/wp\/v2\/posts\/10011","targetHints":{"allow":["GET"]}}],"collection":[{"href":"https:\/\/www.radiopresidenteibanez.cl\/web\/wp-json\/wp\/v2\/posts"}],"about":[{"href":"https:\/\/www.radiopresidenteibanez.cl\/web\/wp-json\/wp\/v2\/types\/post"}],"author":[{"embeddable":true,"href":"https:\/\/www.radiopresidenteibanez.cl\/web\/wp-json\/wp\/v2\/users\/2"}],"replies":[{"embeddable":true,"href":"https:\/\/www.radiopresidenteibanez.cl\/web\/wp-json\/wp\/v2\/comments?post=10011"}],"version-history":[{"count":0,"href":"https:\/\/www.radiopresidenteibanez.cl\/web\/wp-json\/wp\/v2\/posts\/10011\/revisions"}],"wp:featuredmedia":[{"embeddable":true,"href":"https:\/\/www.radiopresidenteibanez.cl\/web\/wp-json\/wp\/v2\/media\/8448"}],"wp:attachment":[{"href":"https:\/\/www.radiopresidenteibanez.cl\/web\/wp-json\/wp\/v2\/media?parent=10011"}],"wp:term":[{"taxonomy":"category","embeddable":true,"href":"https:\/\/www.radiopresidenteibanez.cl\/web\/wp-json\/wp\/v2\/categories?post=10011"},{"taxonomy":"post_tag","embeddable":true,"href":"https:\/\/www.radiopresidenteibanez.cl\/web\/wp-json\/wp\/v2\/tags?post=10011"}],"curies":[{"name":"wp","href":"https:\/\/api.w.org\/{rel}","templated":true}]}}