{"id":10001,"date":"2020-03-03T17:45:43","date_gmt":"2020-03-03T17:45:43","guid":{"rendered":"https:\/\/www.radiopresidenteibanez.cl\/web\/?p=10001"},"modified":"2020-03-03T17:45:47","modified_gmt":"2020-03-03T17:45:47","slug":"blagomir-brztilo-avendano-confirma-su-postulacion-a-la-reeleccion-por-la-alcaldia-de-primavera","status":"publish","type":"post","link":"https:\/\/www.radiopresidenteibanez.cl\/web\/blagomir-brztilo-avendano-confirma-su-postulacion-a-la-reeleccion-por-la-alcaldia-de-primavera\/","title":{"rendered":"BLAGOMIR BRZTILO AVENDA\u00d1O CONFIRMA SU POSTULACI\u00d3N A LA REELECCI\u00d3N POR LA ALCALD\u00cdA DE PRIMAVERA"},"content":{"rendered":"\n<p>Buscando seguir trabajando en temas de pavimentaci\u00f3n,\niluminaci\u00f3n y actividades para la comunidad, el actual alcalde de la comuna de\nPrimavera, Blagomir Brztilo Avenda\u00f1o, en conversaci\u00f3n con nuestra emisora\nanunci\u00f3 que ir\u00e1 a la reelecci\u00f3n este 2020.<\/p>\n\n\n\n<p>Lo anterior, luego de que varias personas le manifestar\u00e1n que\na\u00fan le quedaban algunos trabajos y materias por tratar, es por esto que Brztilo\nAvenda\u00f1o, apostar\u00eda por quedarse un periodo m\u00e1s en la alcald\u00eda de la comuna de\nPrimavera en Cerro Sombrero.<\/p>\n\n\n\n<p>\u201cqueremos dejar varios proyectos terminados en nuestra gesti\u00f3n, esperamos poder tener el apoyo de la comunidad y estar cuatro a\u00f1os m\u00e1s trabajando para ellos\u201d, coment\u00f3 Brztilo Avenda\u00f1o.<\/p>\n\n\n\n<p>Hay que recordar que en la actualidad se est\u00e1n realizando\ntrabajos en pavimentaci\u00f3n de distintas calles, instalaci\u00f3n de luminarias en\nsectores aleda\u00f1os al centro de la comuna, as\u00ed tambi\u00e9n mientras se desarrollaba\nla tradicional Fiesta Campesina del Ovejero, el municipio junto al intendente\nde Magallanes, Jos\u00e9 Fern\u00e1ndez y funcionarios de la fundaci\u00f3n Pro Cultura,\nanunciaron la restauraci\u00f3n de la fachada del Cine Cerro Sombrero.<\/p>\n\n\n\n<p>El municipio tambi\u00e9n est\u00e1 apostando a distintos planes de habitabilidad y turismo, ya que esta comuna se destaca por ser uno de los parajes obligados de los visitantes que van o vienen desde el pa\u00eds vecino Argentina o turistas de distintos lugares del mundo.<\/p>\n\n\n\n<p>imagen rr.ss<\/p>\n","protected":false},"excerpt":{"rendered":"<p>Buscando seguir trabajando en temas de pavimentaci\u00f3n, iluminaci\u00f3n y actividades para la comunidad, el actual alcalde de la comuna de Primavera, Blagomir Brztilo Avenda\u00f1o, en conversaci\u00f3n con nuestra emisora anunci\u00f3&#8230; <a class=\"read-more\" href=\"https:\/\/www.radiopresidenteibanez.cl\/web\/blagomir-brztilo-avendano-confirma-su-postulacion-a-la-reeleccion-por-la-alcaldia-de-primavera\/\">Leer m\u00e1s<\/a><\/p>\n","protected":false},"author":2,"featured_media":10002,"comment_status":"closed","ping_status":"closed","sticky":false,"template":"","format":"standard","meta":{"footnotes":""},"categories":[5],"tags":[],"class_list":["post-10001","post","type-post","status-publish","format-standard","has-post-thumbnail","hentry","category-politica"],"_links":{"self":[{"href":"https:\/\/www.radiopresidenteibanez.cl\/web\/wp-json\/wp\/v2\/posts\/10001","targetHints":{"allow":["GET"]}}],"collection":[{"href":"https:\/\/www.radiopresidenteibanez.cl\/web\/wp-json\/wp\/v2\/posts"}],"about":[{"href":"https:\/\/www.radiopresidenteibanez.cl\/web\/wp-json\/wp\/v2\/types\/post"}],"author":[{"embeddable":true,"href":"https:\/\/www.radiopresidenteibanez.cl\/web\/wp-json\/wp\/v2\/users\/2"}],"replies":[{"embeddable":true,"href":"https:\/\/www.radiopresidenteibanez.cl\/web\/wp-json\/wp\/v2\/comments?post=10001"}],"version-history":[{"count":0,"href":"https:\/\/www.radiopresidenteibanez.cl\/web\/wp-json\/wp\/v2\/posts\/10001\/revisions"}],"wp:featuredmedia":[{"embeddable":true,"href":"https:\/\/www.radiopresidenteibanez.cl\/web\/wp-json\/wp\/v2\/media\/10002"}],"wp:attachment":[{"href":"https:\/\/www.radiopresidenteibanez.cl\/web\/wp-json\/wp\/v2\/media?parent=10001"}],"wp:term":[{"taxonomy":"category","embeddable":true,"href":"https:\/\/www.radiopresidenteibanez.cl\/web\/wp-json\/wp\/v2\/categories?post=10001"},{"taxonomy":"post_tag","embeddable":true,"href":"https:\/\/www.radiopresidenteibanez.cl\/web\/wp-json\/wp\/v2\/tags?post=10001"}],"curies":[{"name":"wp","href":"https:\/\/api.w.org\/{rel}","templated":true}]}}