{"id":1000,"date":"2019-02-01T15:17:20","date_gmt":"2019-02-01T15:17:20","guid":{"rendered":"http:\/\/www.radiopresidenteibanez.cl\/web\/?p=1000"},"modified":"2019-02-01T15:17:39","modified_gmt":"2019-02-01T15:17:39","slug":"el-convenio-firmado-por-el-ministerio-de-educacion-y-el-ministerio-de-la-mujer-y-la-equidad-de-genero-incluye-medidas-concretas-para-eliminar-los-estereotipos-de-genero-y-avanzar-en-una-educacion-co","status":"publish","type":"post","link":"https:\/\/www.radiopresidenteibanez.cl\/web\/el-convenio-firmado-por-el-ministerio-de-educacion-y-el-ministerio-de-la-mujer-y-la-equidad-de-genero-incluye-medidas-concretas-para-eliminar-los-estereotipos-de-genero-y-avanzar-en-una-educacion-co\/","title":{"rendered":"EL CONVENIO, FIRMADO POR EL MINISTERIO DE EDUCACI\u00d3N Y EL MINISTERIO DE LA MUJER Y LA EQUIDAD DE G\u00c9NERO, INCLUYE MEDIDAS CONCRETAS PARA ELIMINAR LOS ESTEREOTIPOS DE G\u00c9NERO Y AVANZAR EN UNA EDUCACI\u00d3N CON EQUIDAD DE G\u00c9NERO, QUE GARANTICE LA IGUALDAD EN LOS PROCESOS DE APRENDIZAJE ENTRE NI\u00d1OS Y NI\u00d1AS"},"content":{"rendered":"\n<p>La\nministra de Educaci\u00f3n, Marcela Cubillos y la ministra de la Mujer y la Equidad\nde G\u00e9nero, Isabel Pl\u00e1, firmaron un convenio de trabajo con el objetivo de\navanzar en la equidad de condiciones y oportunidades de las mujeres en el\n\u00e1mbito educativo.<\/p>\n\n\n\n<p>Las\nacciones del <em>Plan de Trabajo<\/em> se agrupan en tres grandes \u00e1reas:<\/p>\n\n\n\n<ol class=\"wp-block-list\"><li><strong>En el\naula, calidad con equidad<\/strong>: educaci\u00f3n de calidad sin sesgos de\ng\u00e9nero, que garantice equidad en los procesos de aprendizaje de ni\u00f1os y ni\u00f1as;<\/li><li><strong>M\u00e1s\nvocaciones y oportunidades<\/strong>: para que ni\u00f1as y mujeres adolescentes\nelijan libremente su proyecto de vida<\/li><li><strong>Tolerancia\ncero a la violencia de g\u00e9nero en educaci\u00f3n parvularia, escolar y superior<\/strong>.<\/li><\/ol>\n\n\n\n<p>La\nSeremi de la Mujer y la Equidad de G\u00e9nero Patricia Mackenney Schmauk dijo que es\nfundamental hacer conciencia de que la educaci\u00f3n, desde los primeros a\u00f1os de\nvida, debe tener equidad de g\u00e9nero, es decir, debemos tener el mismo trato los\nni\u00f1os y las ni\u00f1as, y eso replicarlos posteriormente durante todo el proceso de formaci\u00f3n\nde los estudiantes, hasta la Educaci\u00f3n Superior. <\/p>\n\n\n\n<p>Este\nPlan responde al compromiso presentado en la <em>Agenda Mujer<\/em> en mayo de\n2018 por el Presidente Sebasti\u00e1n Pi\u00f1era, para progresar en forma decidida en la\neliminaci\u00f3n de todo tipo de discriminaci\u00f3n contra las mujeres.<\/p>\n\n\n\n<p>Por\nesta raz\u00f3n, estableci\u00f3 que el ministerio de Educaci\u00f3n, a trav\u00e9s de la\nSubsecretar\u00eda de Educaci\u00f3n Parvularia, iniciara una mesa de trabajo con\nexpertos de la sociedad civil para detectar e identificar las brechas de g\u00e9nero\nque se producen a nivel educacional con el objetivo de proponer acciones\nconcretas para garantizar las mismas oportunidades educativas para mujeres y\nhombres y asegurar las metas planteadas por el Presidente.<\/p>\n\n\n\n<p>\u201cEl\ntrabajo que se hace en la sala de clases y el trabajo que hacen los profesores\nva a ser clave para que garanticemos una sociedad que le ofrezca igualdad de\noportunidades y progresos para los ni\u00f1os y las ni\u00f1as y que eliminemos los\nestereotipos que tenemos arraigados en nuestra cultura y que muchas veces en la\nvida adulta se convierten en barrera para las mujeres\u201d, explic\u00f3 la ministra de\nla Mujer y la Equidad de G\u00e9nero, Isabel Pl\u00e1.<\/p>\n\n\n\n<p>Por su\nparte, la ministra de Educaci\u00f3n, Marcela Cubillos, afirm\u00f3 que \u201cvamos a trabajar\ntodo el equipo del Ministerio para que dentro de la sala de clases no haya\nsesgos de g\u00e9nero, no haya por ning\u00fan motivo violencia de g\u00e9nero, ni se\nperseveren con estereotipos en esta materia. Dos medidas muy concretas que son\nlas que hemos nosotros destacado que apuntan a que la labor de nuestros\nprofesores cuide que al interior de la sala de clases las metodolog\u00edas, la\nforma de ense\u00f1ar, no reproduzca ning\u00fan sesgo\u201d.<\/p>\n\n\n\n<p>Asimismo,\nla ministra Pl\u00e1 declar\u00f3 que \u201cnecesitamos avanzar hacia un pa\u00eds que asegure a\nlos ni\u00f1os y ni\u00f1as educaci\u00f3n por igual, libre de estereotipos y violencia\u201d.<\/p>\n\n\n\n<p>Dentro\ndel plan destaca el fortalecimiento de la formaci\u00f3n docente sin sesgos de\ng\u00e9nero, la eliminaci\u00f3n de todo estereotipo de g\u00e9nero en el proceso educativo,\navanzar hacia una educaci\u00f3n que no limite las capacidades, habilidades y\naspiraciones de las ni\u00f1as, la creaci\u00f3n del Programa Mujeres en STEM con el\nobjetivo de promover el inter\u00e9s y la incorporaci\u00f3n temprana de ni\u00f1as y mujeres\nen las carreras y programas de ciencia, tecnolog\u00eda, ingenier\u00eda y matem\u00e1ticas, y\ntolerancia cero a la violencia de g\u00e9nero en todos los niveles educativos.<\/p>\n\n\n\n<p>Al\nfinalizar, la ministra Pl\u00e1 asegur\u00f3 que \u201cestamos convencidos que, para\nconvertirnos en un pa\u00eds con un desarrollo inclusivo y sostenible en el tiempo,\nnecesitamos hacer efectiva una agenda de equidad de g\u00e9nero y el primer paso\npara hacerla realidad es la educaci\u00f3n\u201d.<\/p>\n\n\n\n<p>Por su\nparte la Seremi de la Mujer y la Equidad de G\u00e9nero Patricia Mackenney Schmauk\ndijo que el Plan de Educaci\u00f3n con Equidad d G\u00e9nero es una de las prioridades en\nel Programa de Gobierno de Sebasti\u00e1n Pi\u00f1era, y que persigue la plena igualdad\nde derechos, deberes y oportunidades entre hombres y mujeres e instaurar una\ncultura de tolerancia cero a la violencia.<\/p>\n","protected":false},"excerpt":{"rendered":"<p>La ministra de Educaci\u00f3n, Marcela Cubillos y la ministra de la Mujer y la Equidad de G\u00e9nero, Isabel Pl\u00e1, firmaron un convenio de trabajo con el objetivo de avanzar en&#8230; <a class=\"read-more\" href=\"https:\/\/www.radiopresidenteibanez.cl\/web\/el-convenio-firmado-por-el-ministerio-de-educacion-y-el-ministerio-de-la-mujer-y-la-equidad-de-genero-incluye-medidas-concretas-para-eliminar-los-estereotipos-de-genero-y-avanzar-en-una-educacion-co\/\">Leer m\u00e1s<\/a><\/p>\n","protected":false},"author":2,"featured_media":740,"comment_status":"closed","ping_status":"closed","sticky":false,"template":"","format":"standard","meta":{"footnotes":""},"categories":[1],"tags":[],"class_list":["post-1000","post","type-post","status-publish","format-standard","has-post-thumbnail","hentry","category-cronica"],"_links":{"self":[{"href":"https:\/\/www.radiopresidenteibanez.cl\/web\/wp-json\/wp\/v2\/posts\/1000","targetHints":{"allow":["GET"]}}],"collection":[{"href":"https:\/\/www.radiopresidenteibanez.cl\/web\/wp-json\/wp\/v2\/posts"}],"about":[{"href":"https:\/\/www.radiopresidenteibanez.cl\/web\/wp-json\/wp\/v2\/types\/post"}],"author":[{"embeddable":true,"href":"https:\/\/www.radiopresidenteibanez.cl\/web\/wp-json\/wp\/v2\/users\/2"}],"replies":[{"embeddable":true,"href":"https:\/\/www.radiopresidenteibanez.cl\/web\/wp-json\/wp\/v2\/comments?post=1000"}],"version-history":[{"count":0,"href":"https:\/\/www.radiopresidenteibanez.cl\/web\/wp-json\/wp\/v2\/posts\/1000\/revisions"}],"wp:featuredmedia":[{"embeddable":true,"href":"https:\/\/www.radiopresidenteibanez.cl\/web\/wp-json\/wp\/v2\/media\/740"}],"wp:attachment":[{"href":"https:\/\/www.radiopresidenteibanez.cl\/web\/wp-json\/wp\/v2\/media?parent=1000"}],"wp:term":[{"taxonomy":"category","embeddable":true,"href":"https:\/\/www.radiopresidenteibanez.cl\/web\/wp-json\/wp\/v2\/categories?post=1000"},{"taxonomy":"post_tag","embeddable":true,"href":"https:\/\/www.radiopresidenteibanez.cl\/web\/wp-json\/wp\/v2\/tags?post=1000"}],"curies":[{"name":"wp","href":"https:\/\/api.w.org\/{rel}","templated":true}]}}