{"id":100,"date":"2018-12-25T15:05:27","date_gmt":"2018-12-25T15:05:27","guid":{"rendered":"http:\/\/www.radiopresidenteibanez.cl\/web\/?p=100"},"modified":"2018-12-25T15:05:46","modified_gmt":"2018-12-25T15:05:46","slug":"con-la-publicacion-en-el-diario-se-oficializo-la-nueva-planta-de-la-municipalidad-de-natales","status":"publish","type":"post","link":"https:\/\/www.radiopresidenteibanez.cl\/web\/con-la-publicacion-en-el-diario-se-oficializo-la-nueva-planta-de-la-municipalidad-de-natales\/","title":{"rendered":"CON LA PUBLICACI\u00d3N EN EL DIARIO SE OFICIALIZ\u00d3 LA NUEVA PLANTA DE LA MUNICIPALIDAD DE NATALES"},"content":{"rendered":"\n<p>El pasado s\u00e1bado 22 de diciembre\nse public\u00f3 en el diario oficial la modificaci\u00f3n de la planta del municipio\nNatalino, este hecho fue reconocido por el alcalde de la comuna Fernando\nParedes Mansilla como un hecho hist\u00f3rico, principalmente por el gran trabajo y\nproceso que han llevado a cabo como gesti\u00f3n junto al Concejo Municipal y los\nFuncionarios, \u201cNo puede haber un mejor regalo en esta \u00e9poca de navidad para\nnuestros funcionarios que dar a conocer a trav\u00e9s de la publicaci\u00f3n del diario\noficial sobre esta modificaci\u00f3n a nuestra planta municipal, sin duda un hito,\nque marcar\u00e1 un antes y despu\u00e9s a la gesti\u00f3n de nuestro municipio, y aqu\u00ed quiero\ndestacar y agradecer el compromiso de nuestro Concejo Municipal quienes de\nmanera un\u00e1nime como recordaremos aprobaron la modificaci\u00f3n a la Planta\nMunicipal\u201d. Se\u00f1al\u00f3 que este proceso va de la mano con el importante cambio que\nha sostenido Puerto Natales y su comunidad en los \u00faltimos a\u00f1os donde la demanda\nha sido importante considerando diversas \u00e1reas de trabajo que debe desarrollar\nel municipio dentro de la comuna, donde agreg\u00f3 adem\u00e1s el importante trabajo que\nrealizaron de manera conjunta con el gremio municipal.<\/p>\n\n\n\n<p>El Edil destac\u00f3 que es importante\ndarles una mayor seguridad a los trabajadores municipales, puesto que, la\ndemanda que han tenido que asumir\nno es la misma de hace diez o quince a\u00f1os, en este sentido Paredes explic\u00f3 que\nesta modificaci\u00f3n permitir\u00e1 generar nuevas direcciones que permitan mejor\nfuncionamiento interno y una mejor prestaci\u00f3n del servicio a la comunidad.<\/p>\n\n\n\n<p>Con la publicaci\u00f3n ya emitida a\ntrav\u00e9s del diario oficial, el municipio Natalino se presta para que durante el\na\u00f1o 2019 comiencen a preparar administrativamente toda su estructura municipal,\nun proceso que ser\u00e1 significativo para la gesti\u00f3n del Alcalde y Concejo\nMunicipal, \u201cSe viene un gran trabajo por delante, pero es algo que ven\u00edamos\ntrabajando por mucho tiempo, nuestros funcionarios merecen asegurar un mejor\nfuturo y de esta manera hacer una mejor carrera municipal\u201d.<\/p>\n\n\n\n<p>El alcalde y actual\nvicepresidente de la Asociaci\u00f3n Chilena de Municipalidades entreg\u00f3 su visi\u00f3n\ncon respecto a la situaci\u00f3n de los dem\u00e1s municipios del pa\u00eds, destacando que su\nMunicipio ha tenido un gran avance, \u201cLa Ley establece dos plazos para esta\nmodificaci\u00f3n a nuestra planta municipal y nosotros cumplimos con el primer\nplazo que hab\u00eda hasta el 31 de diciembre, esto significa que nuestra nueva\nplanta comienza a funcionar en el 2019, el siguiente plazo es durante el 2019\npara que comiencen a funcionar con su planta durante el 2020, lo que quiero\ndecir es que tenemos un compromiso con nuestros funcionarios y nuestra\ncomunidad donde establecimos responsablemente los tiempos necesarios para que\npodamos durante el pr\u00f3ximo a\u00f1o de manera hist\u00f3rica comenzar a funcionar con\nnuestra nueva planta municipal\u201d, se\u00f1al\u00f3.<\/p>\n","protected":false},"excerpt":{"rendered":"<p>El pasado s\u00e1bado 22 de diciembre se public\u00f3 en el diario oficial la modificaci\u00f3n de la planta del municipio Natalino, este hecho fue reconocido por el alcalde de la comuna&#8230; <a class=\"read-more\" href=\"https:\/\/www.radiopresidenteibanez.cl\/web\/con-la-publicacion-en-el-diario-se-oficializo-la-nueva-planta-de-la-municipalidad-de-natales\/\">Leer m\u00e1s<\/a><\/p>\n","protected":false},"author":2,"featured_media":101,"comment_status":"closed","ping_status":"closed","sticky":false,"template":"","format":"standard","meta":{"footnotes":""},"categories":[1],"tags":[],"class_list":["post-100","post","type-post","status-publish","format-standard","has-post-thumbnail","hentry","category-cronica"],"_links":{"self":[{"href":"https:\/\/www.radiopresidenteibanez.cl\/web\/wp-json\/wp\/v2\/posts\/100","targetHints":{"allow":["GET"]}}],"collection":[{"href":"https:\/\/www.radiopresidenteibanez.cl\/web\/wp-json\/wp\/v2\/posts"}],"about":[{"href":"https:\/\/www.radiopresidenteibanez.cl\/web\/wp-json\/wp\/v2\/types\/post"}],"author":[{"embeddable":true,"href":"https:\/\/www.radiopresidenteibanez.cl\/web\/wp-json\/wp\/v2\/users\/2"}],"replies":[{"embeddable":true,"href":"https:\/\/www.radiopresidenteibanez.cl\/web\/wp-json\/wp\/v2\/comments?post=100"}],"version-history":[{"count":0,"href":"https:\/\/www.radiopresidenteibanez.cl\/web\/wp-json\/wp\/v2\/posts\/100\/revisions"}],"wp:featuredmedia":[{"embeddable":true,"href":"https:\/\/www.radiopresidenteibanez.cl\/web\/wp-json\/wp\/v2\/media\/101"}],"wp:attachment":[{"href":"https:\/\/www.radiopresidenteibanez.cl\/web\/wp-json\/wp\/v2\/media?parent=100"}],"wp:term":[{"taxonomy":"category","embeddable":true,"href":"https:\/\/www.radiopresidenteibanez.cl\/web\/wp-json\/wp\/v2\/categories?post=100"},{"taxonomy":"post_tag","embeddable":true,"href":"https:\/\/www.radiopresidenteibanez.cl\/web\/wp-json\/wp\/v2\/tags?post=100"}],"curies":[{"name":"wp","href":"https:\/\/api.w.org\/{rel}","templated":true}]}}